{"id":25974,"date":"2013-03-28T07:52:01","date_gmt":"2013-03-28T06:52:01","guid":{"rendered":"https:\/\/www.freiburg-schwarzwald.de\/blog\/?p=25974"},"modified":"2013-03-30T08:06:49","modified_gmt":"2013-03-30T07:06:49","slug":"oberried-bgm-winterhalter-erfolg","status":"publish","type":"post","link":"https:\/\/www.freiburg-schwarzwald.de\/blog\/oberried-bgm-winterhalter-erfolg\/","title":{"rendered":"Oberried-Bgm Winterhalter Erfolg"},"content":{"rendered":"<p>Zum Abschied Ehrenb\u00fcrgerw\u00fcrde und <a title=\"Vereine\" href=\"https:\/\/www.freiburg-schwarzwald.de\/blog\/vereine\/\">Feuerwehrehrenmitgliedschaft<\/a> &#8211;\u00a0<a title=\"Oberried\" href=\"https:\/\/www.freiburg-schwarzwald.de\/blog\/regio\/orte\/oberried\/\">Oberrieds<\/a> B\u00fcrgermeister Franz-Josef Winterhalter geht nach 24 Jahren mit \u201eStanding Ovation\u201c in den Ruhestand.\u00a0\u201eDas Entscheidende sind nicht die brillanten Ideen, nicht die guten Beziehungen, nicht geschicktes Agieren und nicht die positiven Finanzen \u2013 entscheidend ist eine m\u00f6glichst klare und umfassende Gemeinsamkeit, <!--more-->denn je geschlossener eine Gemeinschaft eine Idee verfolgt, desto wahrscheinlicher ist ihr Erfolg \u2013 und mein Erfolg ist der Erfolg aller.\u201c Ehrlicher, bescheidener und dennoch selbstbewusster konnte der scheidende Oberrieder B\u00fcrgermeister Franz-Josef Winterhalter am Ende eines dreist\u00fcndigen Abschiedszeremoniells in der mit \u00fcber 300 G\u00e4sten gef\u00fcllten Goldberghalle seinen Dank f\u00fcr 24 Jahre Leben und Wirken mit und f\u00fcr seine Heimat Oberried nicht ausdr\u00fccken. Er liebte seine Aufgabe, er liebte sein \u201eBergnaturdorf\u201c \u2013 und die Oberrieder liebten ihn in den 24 Jahren immer mehr. Zweimal hatten sie ihn mit \u00fcber 95 Prozent im Amt best\u00e4tigt.<br \/>\nAm Anfang des Abends, den alle Oberrieder musikalischen Vereine umrahmten, stand bei der Begr\u00fc\u00dfung durch den 2. B\u00fcrgermeisterstellvertreter Willi Maier ein herzliches \u201eVergelt\u2019s Gott f\u00fcr 24 Jahre B\u00fcrgermeisterwirken.\u201c Neben vielen B\u00fcrgerinnen und B\u00fcrgern, Gemeinde- und Ortschaftsr\u00e4ten waren zahlreiche B\u00fcrgermeisterkollegen, aktive und passive, Vertreter der Kirchen und Beh\u00f6rden, Regierungsvize Clemens Ficht und Landr\u00e4tin Dorothea St\u00f6rr-Ritter gekommen. Der 1. Stellvertreterin von Franz-Josef Winterhalter, Martha Riesterer, kam dann die gro\u00dfe Aufgabe der Ehrung und Verabschiedung zu. Wie sp\u00e4ter noch einige Redner wies sie auf den Leitspruch Winterhalters hin, der von John F. Kennedy stammt: \u201eFrage nicht, was der Staat f\u00fcr dich tun kann; frage, was du f\u00fcr den Staat tun kannst.\u201c Viele Eigenschaften lobte sie an ihm: zielstrebig, impulsgebend, vision\u00e4r, flei\u00dfig, ehrgeizig, k\u00e4mpferisch, rhetorisch versiert, fachkundig, schlagfertig. \u201eIn den 24 Jahren haben Sie mehr als 250 \u00f6ffentliche und 280 nicht \u00f6ffentliche Sitzungen geleitet und nicht ein einziges Mal gefehlt\u201c, lobte Riesterer. Mit 30 Gemeinder\u00e4ten und neun Ortsvorstehern habe er die Politik der Gemeinde bestimmt. Dabei h\u00e4tte sich das Verm\u00f6gen von 11,4 auf 21,3 Millionen Euro erh\u00f6ht. Martha Riesterer z\u00e4hlte zahlreiche erfolgreiche Projekt von B\u00fcrgermeister Winterhalter auf: drei neue Wohngebiete und das Gewerbegebiet Br\u00fchl erschlossen, die Wasserversorgung, das Rathaus und den Klosterinnenhof saniert, sich um neue Wege der W\u00e4rmeversorgung gek\u00fcmmert, die Goldberghalle erweitert und im Riegelanwesen am Klosterplatz ein Kultur- und B\u00fcrgerhaus geschaffen. Kr\u00e4utergarten, Bergnaturdorf, Jugendzeltplatz, Tourismusf\u00f6rderung und \u201eRuheberg\u201c waren weitere lobenswerte Stichworte. Die vielf\u00e4ltige Unterst\u00fctzung der Vereine, die Alemannische Woche und das Nordic-Center Notschrei tragen Winterhalters Handschrift.<\/p>\n<p>Die Ortsvorsteher Lukas Flamm aus Hofsgrund (auf alemannisch!), Eugen Schreiner vom Zastlertal und Werner Widmann aus St. Wilhelm zollten Respekt und Dank f\u00fcr die gute Zusammenarbeit, die auch Gemeinderat Peter Dold f\u00fcr die Ratsgremien unterstrich. Angesichts der gro\u00dfen F\u00fclle an Verdiensten verlieh die Gemeinde Oberried als Zeichen des Dankes und der Anerkennung die \u201eEhrenb\u00fcrgerw\u00fcrde\u201c. \u201eWir sind stolz auf Sie\u201c, unterstrich Martha Riesterer \u2013 und verga\u00df nicht, wie auch viele andere, Winterhalters Ehefrau Gerdi und den Kindern Thomas und Anja f\u00fcr die tolle Unterst\u00fctzung zu danken. Die Freiwillige Feuerwehr Oberried mit den Kommandanten Daniel Heim und Wolfgang Sumser verlieh dem scheidenden B\u00fcrgermeister die Ehrenmitgliedschaft in der Feuerwehr Oberried. F\u00fcr die Vereine dankte Michael Martin f\u00fcr hilfreiche Unterst\u00fctzung, die manchen Vereinserfolg dann erm\u00f6glichte. Regierungsvizepr\u00e4sident Klemens Ficht brachte den Dank der Landesregierung und betonte Winterhalters \u201eideenreichen und ungeheuren Einsatz f\u00fcr die Dorfgemeinschaft\u201c: \u201eSie haben den B\u00fcrgern 24 Jahre Ihres Lebens geschenkt.\u201c<br \/>\nF\u00fcr Landr\u00e4tin Dorothea St\u00f6rr-Ritter war es wichtig, dass Franz-Josef Winterhalter als Mathe- und Informatiklehrer am Stegener Kolleg den Quereinstieg so gut geschafft habe: \u201eDie Liebe zu den Menschen und zur Heimat und daf\u00fcr etwas zu tun, war Ihr Antrieb.\u201c Er habe die Sch\u00e4tze in der Gemeinde wachger\u00fcttelt. Ihr Dank galt Winterhalter auch als dem Kreisrat der Freien W\u00e4hler, der seit 1989 kritische Fragen stelle und sich bei den Kreisratswahlen als \u201eStimmenk\u00f6nig im Dreisamtal\u201c profiliert habe. Stegens B\u00fcrgermeister Siegfried Kuster dankte im Namen seiner Kollegen f\u00fcr manchen Rat und die vertrauensvolle Zusammenarbeit. Er sei \u201eschlitzohrig und ein Zuschussfuchs&#8220; gewesen: \u201eEr wusste stets, wie und wo man Zusch\u00fcsse erhalten konnte \u2013 erfahren haben wir das aber immer erst aus der Zeitung.\u201c Mit einer kleinen musikalischen Revue dr\u00fcckte der Kirchenchor seinen Dank aus und Pfarrgemeinder\u00e4tin Lioba Fre\u00dfle unterstrich, dass immer auch die christlichen Werte Winterhalters Wirken bestimmt h\u00e4tten. Ja, und dann hatte der so umfassend Geehrte das letzte Wort: \u201eMeine Ehrenb\u00fcrgerw\u00fcrde ist eine Ehre f\u00fcr die gesamte Dorfgemeinschaft. Bitte unterst\u00fctzt jetzt meinen Nachfolger Klaus Vosberg, damit die Oberrieder Erfolgsgeschichte weitergeht. Gott sch\u00fctze euch alle und unser sch\u00f6nes, liebes Oberried.\u201c Langanhaltender Beifall, \u201eStanding Ovation\u201c, schickte Franz-Josef Winterhalter dann in den Ruhestand. Mit H\u00e4ppchen der Oberrieder Wirtegemeinschaft und gek\u00fchlten Getr\u00e4nken kam es noch zu einem geselligen Miteinander der Dorfgemeinschaft aus allen Ortsteilen.<\/p>\n<p><a href=\"https:\/\/www.freiburg-schwarzwald.de\/blog\/oberried-bgm-winterhalter-erfolg\/winterhalter1-oberried1303\/\" rel=\"attachment wp-att-25977\"><img loading=\"lazy\" decoding=\"async\" class=\"alignnone size-thumbnail wp-image-25977\" title=\"winterhalter1-oberried1303\" src=\"https:\/\/www.freiburg-schwarzwald.de\/blog\/wp-content\/uploads\/2013\/03\/winterhalter1-oberried1303-180x120.jpg\" alt=\"\" width=\"180\" height=\"120\" srcset=\"https:\/\/www.freiburg-schwarzwald.de\/blog\/wp-content\/uploads\/2013\/03\/winterhalter1-oberried1303-180x120.jpg 180w, https:\/\/www.freiburg-schwarzwald.de\/blog\/wp-content\/uploads\/2013\/03\/winterhalter1-oberried1303-640x428.jpg 640w, https:\/\/www.freiburg-schwarzwald.de\/blog\/wp-content\/uploads\/2013\/03\/winterhalter1-oberried1303.jpg 641w\" sizes=\"auto, (max-width: 180px) 100vw, 180px\" \/><\/a>\u00a0\u00a0\u00a0\u00a0\u00a0\u00a0\u00a0\u00a0\u00a0 <a href=\"https:\/\/www.freiburg-schwarzwald.de\/blog\/oberried-bgm-winterhalter-erfolg\/winterhalter-oberried1303\/\" rel=\"attachment wp-att-25978\"><img loading=\"lazy\" decoding=\"async\" class=\"alignnone size-thumbnail wp-image-25978\" title=\"winterhalter-oberried1303\" src=\"https:\/\/www.freiburg-schwarzwald.de\/blog\/wp-content\/uploads\/2013\/03\/winterhalter-oberried1303-180x88.jpg\" alt=\"\" width=\"180\" height=\"88\" srcset=\"https:\/\/www.freiburg-schwarzwald.de\/blog\/wp-content\/uploads\/2013\/03\/winterhalter-oberried1303-180x88.jpg 180w, https:\/\/www.freiburg-schwarzwald.de\/blog\/wp-content\/uploads\/2013\/03\/winterhalter-oberried1303.jpg 640w\" sizes=\"auto, (max-width: 180px) 100vw, 180px\" \/><\/a>\u00a0<br \/>\n(1) Beifall f\u00fcr den Ex-Bgm\u00a0\u00a0\u00a0\u00a0\u00a0\u00a0\u00a0\u00a0\u00a0\u00a0\u00a0\u00a0\u00a0\u00a0\u00a0\u00a0\u00a0\u00a0\u00a0\u00a0\u00a0\u00a0 (2) Ehrungen<\/p>\n<p>(1) Langanhaltender Beifall, \u201eStanding Ovation\u201c, begleitete Franz-Josef Winterhalter in den Ruhestand.<br \/>\n(2) Franz-Josef Winterhalter wurde zum Ehrenb\u00fcrger von Oberried ernannt. Seine Ehefrau Gerdi freut sich mit Blumen im Hintergrund. \u2013 Und die Feuerwehr-Kommandanten Daniel Heim und Wolfgang Sumser ernannten den scheidenden B\u00fcrgermeister zum Ehrenmitglied. Fotos: Gerhard L\u00fcck<\/p>\n<p>28.3.2013, Gerhard L\u00fcck, <a href=\"https:\/\/www.dreisamtaeler.de\">www.dreisamtaeler.de<\/a><\/p>\n","protected":false},"excerpt":{"rendered":"<p>Zum Abschied Ehrenb\u00fcrgerw\u00fcrde und Feuerwehrehrenmitgliedschaft &#8211;\u00a0Oberrieds B\u00fcrgermeister Franz-Josef Winterhalter geht nach 24 Jahren mit \u201eStanding Ovation\u201c in den Ruhestand.\u00a0\u201eDas Entscheidende sind nicht die brillanten Ideen, nicht die guten Beziehungen, nicht geschicktes Agieren und nicht die positiven Finanzen \u2013 entscheidend ist &hellip; <a href=\"https:\/\/www.freiburg-schwarzwald.de\/blog\/oberried-bgm-winterhalter-erfolg\/\">Weiterlesen <span class=\"meta-nav\">&rarr;<\/span><\/a><\/p>\n","protected":false},"author":4,"featured_media":0,"comment_status":"open","ping_status":"closed","sticky":false,"template":"","format":"standard","meta":{"footnotes":""},"categories":[36,11],"tags":[527,484,289],"class_list":["post-25974","post","type-post","status-publish","format-standard","hentry","category-engagement","category-regio","tag-ehrung","tag-kommune","tag-preis"],"_links":{"self":[{"href":"https:\/\/www.freiburg-schwarzwald.de\/blog\/wp-json\/wp\/v2\/posts\/25974","targetHints":{"allow":["GET"]}}],"collection":[{"href":"https:\/\/www.freiburg-schwarzwald.de\/blog\/wp-json\/wp\/v2\/posts"}],"about":[{"href":"https:\/\/www.freiburg-schwarzwald.de\/blog\/wp-json\/wp\/v2\/types\/post"}],"author":[{"embeddable":true,"href":"https:\/\/www.freiburg-schwarzwald.de\/blog\/wp-json\/wp\/v2\/users\/4"}],"replies":[{"embeddable":true,"href":"https:\/\/www.freiburg-schwarzwald.de\/blog\/wp-json\/wp\/v2\/comments?post=25974"}],"version-history":[{"count":0,"href":"https:\/\/www.freiburg-schwarzwald.de\/blog\/wp-json\/wp\/v2\/posts\/25974\/revisions"}],"wp:attachment":[{"href":"https:\/\/www.freiburg-schwarzwald.de\/blog\/wp-json\/wp\/v2\/media?parent=25974"}],"wp:term":[{"taxonomy":"category","embeddable":true,"href":"https:\/\/www.freiburg-schwarzwald.de\/blog\/wp-json\/wp\/v2\/categories?post=25974"},{"taxonomy":"post_tag","embeddable":true,"href":"https:\/\/www.freiburg-schwarzwald.de\/blog\/wp-json\/wp\/v2\/tags?post=25974"}],"curies":[{"name":"wp","href":"https:\/\/api.w.org\/{rel}","templated":true}]}}