{"id":25960,"date":"2013-03-27T20:33:20","date_gmt":"2013-03-27T19:33:20","guid":{"rendered":"https:\/\/www.freiburg-schwarzwald.de\/blog\/?p=25960"},"modified":"2013-04-10T19:01:22","modified_gmt":"2013-04-10T17:01:22","slug":"dreisamtal-windraeder-windlos","status":"publish","type":"post","link":"https:\/\/www.freiburg-schwarzwald.de\/blog\/dreisamtal-windraeder-windlos\/","title":{"rendered":"Dreisamtal-Windraeder windlos"},"content":{"rendered":"<p id=\"internal-source-marker_0.19911915075233105\" dir=\"ltr\"><a title=\"Naturschutz contra Wind Klima\" href=\"https:\/\/www.freiburg-schwarzwald.de\/blog\/naturschutz-contra-wind-klima\/\">Naturschutz im Konflikt mit Klimaschutz<\/a> &#8211; Teilfortschreibung des Fl\u00e4chennutzungsplanes <a title=\"Wind\" href=\"https:\/\/www.freiburg-schwarzwald.de\/blog\/energie\/wind\/\">\u201eWindkraft<\/a>\u201c erweist sich im Dreisamtal als schwierig. Erkl\u00e4rtes Ziel aller Gemeinder\u00e4te und des Gemeindeverwaltungsverbandes <a title=\"Dreisamtal\" href=\"https:\/\/www.freiburg-schwarzwald.de\/blog\/regio\/tal\/dreisamtal\/\">Dreisamtal <\/a>ist es, die <a title=\"Nachhaltigkeit\" href=\"https:\/\/www.freiburg-schwarzwald.de\/blog\/natur\/klima\/nachhaltigkeit\/\">Energiewende<\/a> zu voran zu treiben und die Nutzung regenerative Energien auszubauen. Deshalb l\u00e4uft im Dreisamtal derzeit die Teilfortschreibung des Fl\u00e4chennutzungsplanes \u201eWindkraft\u201c mit dem Ziel, <!--more-->Konzentrationszonen f\u00fcr Windr\u00e4der auszuweisen. Die Krux jedoch ist, so Oberrieds B\u00fcrgermeister Franz Josef Winterhalter auf der letzten Sitzung des Gemeindeverwaltungsverbandes Dreisamtal, <strong>dass da wo der meiste Wind weht, keine Windr\u00e4der stehen werden<\/strong>. Dabei ist es heute nicht mehr das Argument der Landschafts-Verspargelung, das jahrzehntelang Windkraft in Baden-W\u00fcrttemberg verhinderte. Heute steht der Natur- und Landschaftsschutz auf den meisten Schwarzwaldh\u00f6hen der Windkraft entgegen.<br \/>\nDer Gemeindeverwaltungsverband Dreisamtal, in dem die Gemeinden Kirchzarten, Stegen, Buchenbach und Oberried zusammengeschlossen sind, stieg mit dreizehn Standorten in das Fl\u00e4chennutzungsplan-Verfahren ein. Nach der Auswertung und Abw\u00e4gung eingegangener Stellungnahmen und Anregungen von B\u00fcrgern, Verb\u00e4nden und Fachbeh\u00f6rden im Rahmen des fr\u00fchzeitigen Beteilungsverfahrens stehen jetzt nur noch acht Standorte zur Diskussion. Diese, beschloss der Gemeindeverwaltungsverband, sollen nun weiter untersucht werden. Insbesondere sind es die vogelschutzrechtlichen Untersuchungen, mit denen aufgrund der Jahreszeit jetzt begonnen werden muss. M\u00f6glich, dass aufgrund der Ergebnisse dieser Untersuchungen dann noch weitere Standorte kippen.<\/p>\n<p>Alle R\u00e4te zeigten sich entt\u00e4uscht \u00fcber die schwierige Standortsuche. Die Kirchzartener SPD-R\u00e4tin Petra Zentgraf brachte es auf den Punkt: da wo der Wind am st\u00e4rksten weht, besteht das gr\u00f6\u00dfte Konfliktpotential. Sie forderte die Planer auf, mehr R\u00fcckgrat zu zeigen und trotz bestehender Konflikte, Zonen auszuweisen, denn \u201ewenn wir die Energiewende nicht schaffen, dann verschwinden aufgrund der Erderw\u00e4rmung 25% aller Arten\u201c. B\u00fcrgermeister Winterhalter betonte, dass die rechtlichen Grundlagen leider so seien, dass die Planer gar keine Handlungsfreiheit haben, denn s\u00e4mtliche Schwarzwaldh\u00f6henr\u00fccken sind als Schutzzonen deklariert, wenn auch mit unterschiedlicher Wertigkeit. Sie sind als Naturschutzgebiet, Bannwald, Waldbiotop, Vogelschutzgebiet oder Flora-Fauna-Habitat-Gebiet klassifiziert und gesetzlich gesch\u00fctzt und eine Herausnahme der m\u00f6glichen Standorte aus diesen Schutzgebieten sei so gut wie nicht m\u00f6glich.<br \/>\nDie Standorte mit denen das Verfahren nun fortgef\u00fchrt wird, ist der n\u00f6rdlich ans Dreisamtal angrenzende H\u00f6henr\u00fccken mit dem Streckereck, dem Flaunser und dem Brombergkopf. Diese Standorte befinden sich auf Stegener Gemarkung und grenzen ans Glottertal an. Eine Kooperation mit Glottertal w\u00fcrde sich hier anbieten und w\u00e4re w\u00fcnschenswert.<br \/>\nAuf Buchenbacher Gemarkung werden der Ottenberg und der Hohwart, in dessen Nachbarschaft sich das Breitnauer Windrad dreht, weiter untersucht. Hier hat allerdings die Gemeinde St. M\u00e4rgen schon Widerspruch eingelegt, da Windr\u00e4der dort die Fernsichtbeziehungen zum Feldberg hin beeintr\u00e4chtigen w\u00fcrden.<br \/>\nIm S\u00fcden k\u00f6nnten die Standorte Hundsr\u00fccken Nord, Truckenbach und Untergsand zu einer Konzentrationszone zusammengefasst werden. Vor allem der Hundsr\u00fccken liegt den Kommunalpolitikern am Herzen, denn dort weht der meiste Wind. Er w\u00e4re au\u00dferdem gut zu erschlie\u00dfen, w\u00e4re kombinierbar mit Freiburger Projekten und l\u00e4ge landschaftlich nicht in direkten Sichtachsen. Allerdings bestehen dort laut Eric Lippe vom B\u00fcro faktorgr\u00fcn sehr starke Restriktionen, da der Hundsr\u00fccken Landschaftsschutzgebiet, Vogelschutzgebiet und Waldbiotop ist. Auerh\u00fchner und Rotmilane werden dort gesichtet und es ist ein Zug- und Wildtierkorridor.<br \/>\nDiese acht Standorte werden nun n\u00e4her untersucht. Mit den Ergebnissen wird dann wieder in die Gremien und danach in die erneute Offenlage gegangen. Kaum einer geht davon aus, dass dies mit all diesen acht Standorten der Fall sein wird. Es bleibt also spannend, wo sich rund um\u2019s Dreisamtal k\u00fcnftig Windr\u00e4der drehen werden.<br \/>\n27.3.2013, Dagmar Engesser, <a href=\"https:\/\/www.dreisamtaeler.de\">www.dreisamtaeler.de<\/a><\/p>\n<p><a href=\"https:\/\/www.freiburg-schwarzwald.de\/blog\/windkraft-standorte-dreisamtal\/\">https:\/\/www.freiburg-schwarzwald.de\/blog\/windkraft-standorte-dreisamtal\/<\/a>\u00a0(10.4.2013)<\/p>\n","protected":false},"excerpt":{"rendered":"<p>Naturschutz im Konflikt mit Klimaschutz &#8211; Teilfortschreibung des Fl\u00e4chennutzungsplanes \u201eWindkraft\u201c erweist sich im Dreisamtal als schwierig. Erkl\u00e4rtes Ziel aller Gemeinder\u00e4te und des Gemeindeverwaltungsverbandes Dreisamtal ist es, die Energiewende zu voran zu treiben und die Nutzung regenerative Energien auszubauen. Deshalb l\u00e4uft &hellip; <a href=\"https:\/\/www.freiburg-schwarzwald.de\/blog\/dreisamtal-windraeder-windlos\/\">Weiterlesen <span class=\"meta-nav\">&rarr;<\/span><\/a><\/p>\n","protected":false},"author":4,"featured_media":0,"comment_status":"open","ping_status":"closed","sticky":false,"template":"","format":"standard","meta":{"footnotes":""},"categories":[50,395],"tags":[305],"class_list":["post-25960","post","type-post","status-publish","format-standard","hentry","category-dreisamtal","category-wind","tag-windkraft"],"_links":{"self":[{"href":"https:\/\/www.freiburg-schwarzwald.de\/blog\/wp-json\/wp\/v2\/posts\/25960","targetHints":{"allow":["GET"]}}],"collection":[{"href":"https:\/\/www.freiburg-schwarzwald.de\/blog\/wp-json\/wp\/v2\/posts"}],"about":[{"href":"https:\/\/www.freiburg-schwarzwald.de\/blog\/wp-json\/wp\/v2\/types\/post"}],"author":[{"embeddable":true,"href":"https:\/\/www.freiburg-schwarzwald.de\/blog\/wp-json\/wp\/v2\/users\/4"}],"replies":[{"embeddable":true,"href":"https:\/\/www.freiburg-schwarzwald.de\/blog\/wp-json\/wp\/v2\/comments?post=25960"}],"version-history":[{"count":0,"href":"https:\/\/www.freiburg-schwarzwald.de\/blog\/wp-json\/wp\/v2\/posts\/25960\/revisions"}],"wp:attachment":[{"href":"https:\/\/www.freiburg-schwarzwald.de\/blog\/wp-json\/wp\/v2\/media?parent=25960"}],"wp:term":[{"taxonomy":"category","embeddable":true,"href":"https:\/\/www.freiburg-schwarzwald.de\/blog\/wp-json\/wp\/v2\/categories?post=25960"},{"taxonomy":"post_tag","embeddable":true,"href":"https:\/\/www.freiburg-schwarzwald.de\/blog\/wp-json\/wp\/v2\/tags?post=25960"}],"curies":[{"name":"wp","href":"https:\/\/api.w.org\/{rel}","templated":true}]}}