{"id":25925,"date":"2013-03-29T21:53:58","date_gmt":"2013-03-29T20:53:58","guid":{"rendered":"https:\/\/www.freiburg-schwarzwald.de\/blog\/?p=25925"},"modified":"2013-03-30T08:42:14","modified_gmt":"2013-03-30T07:42:14","slug":"raetschen-vor-ostern-in-ebnet","status":"publish","type":"post","link":"https:\/\/www.freiburg-schwarzwald.de\/blog\/raetschen-vor-ostern-in-ebnet\/","title":{"rendered":"Raetschen vor Ostern in Ebnet"},"content":{"rendered":"<p>Auch in der Karwoche 2013 verstummen vor <a title=\"Ostern\" href=\"https:\/\/www.freiburg-schwarzwald.de\/blog\/religion\/kirchen\/ostern\/\">Ostern<\/a> die Kirchenglocken von St.Hilarius in <a title=\"Ebnet\" href=\"https:\/\/www.freiburg-schwarzwald.de\/blog\/regio\/freiburg\/ebnet\/\">Ebnet<\/a>. In diesem Jahr sind 14 <a title=\"Raetschen\" href=\"https:\/\/www.freiburg-schwarzwald.de\/blog\/religion\/kirchen\/raetschen\/\">R\u00e4tschenbuben<\/a> unterwegs, um mit ihren alten\u00a0<a title=\"Raetschen\" href=\"https:\/\/www.freiburg-schwarzwald.de\/blog\/religion\/kirchen\/raetschen\/\">h\u00f6lzernen R\u00e4tschen<\/a> das Glockengel\u00e4ut zu &#8222;ersetzen&#8220;. Die Glocken\u00a0 \u00a0verstummen\u00a0aus Mittrauer am Kreuzestod Christi. Gleichwohl ist das <a title=\"Brauchtum\" href=\"https:\/\/www.freiburg-schwarzwald.de\/blog\/regio\/heimat\/brauchtum\/\">Brauchtum<\/a> der h\u00f6lzernen R\u00e4tschen und Klappern\u00a0\u00e4lter als das erst ab 800 n. Chr.\u00a0aufkommende Glockengel\u00e4ut.<\/p>\n","protected":false},"excerpt":{"rendered":"<p>Auch in der Karwoche 2013 verstummen vor Ostern die Kirchenglocken von St.Hilarius in Ebnet. In diesem Jahr sind 14 R\u00e4tschenbuben unterwegs, um mit ihren alten\u00a0h\u00f6lzernen R\u00e4tschen das Glockengel\u00e4ut zu &#8222;ersetzen&#8220;. Die Glocken\u00a0 \u00a0verstummen\u00a0aus Mittrauer am Kreuzestod Christi. Gleichwohl ist das &hellip; <a href=\"https:\/\/www.freiburg-schwarzwald.de\/blog\/raetschen-vor-ostern-in-ebnet\/\">Weiterlesen <span class=\"meta-nav\">&rarr;<\/span><\/a><\/p>\n","protected":false},"author":4,"featured_media":0,"comment_status":"open","ping_status":"closed","sticky":false,"template":"","format":"standard","meta":{"footnotes":""},"categories":[60,19],"tags":[511,301],"class_list":["post-25925","post","type-post","status-publish","format-standard","hentry","category-jugend","category-religion","tag-brauchtum","tag-culture"],"_links":{"self":[{"href":"https:\/\/www.freiburg-schwarzwald.de\/blog\/wp-json\/wp\/v2\/posts\/25925","targetHints":{"allow":["GET"]}}],"collection":[{"href":"https:\/\/www.freiburg-schwarzwald.de\/blog\/wp-json\/wp\/v2\/posts"}],"about":[{"href":"https:\/\/www.freiburg-schwarzwald.de\/blog\/wp-json\/wp\/v2\/types\/post"}],"author":[{"embeddable":true,"href":"https:\/\/www.freiburg-schwarzwald.de\/blog\/wp-json\/wp\/v2\/users\/4"}],"replies":[{"embeddable":true,"href":"https:\/\/www.freiburg-schwarzwald.de\/blog\/wp-json\/wp\/v2\/comments?post=25925"}],"version-history":[{"count":0,"href":"https:\/\/www.freiburg-schwarzwald.de\/blog\/wp-json\/wp\/v2\/posts\/25925\/revisions"}],"wp:attachment":[{"href":"https:\/\/www.freiburg-schwarzwald.de\/blog\/wp-json\/wp\/v2\/media?parent=25925"}],"wp:term":[{"taxonomy":"category","embeddable":true,"href":"https:\/\/www.freiburg-schwarzwald.de\/blog\/wp-json\/wp\/v2\/categories?post=25925"},{"taxonomy":"post_tag","embeddable":true,"href":"https:\/\/www.freiburg-schwarzwald.de\/blog\/wp-json\/wp\/v2\/tags?post=25925"}],"curies":[{"name":"wp","href":"https:\/\/api.w.org\/{rel}","templated":true}]}}