{"id":25807,"date":"2013-03-22T10:30:32","date_gmt":"2013-03-22T09:30:32","guid":{"rendered":"https:\/\/www.freiburg-schwarzwald.de\/blog\/?p=25807"},"modified":"2013-03-28T10:35:18","modified_gmt":"2013-03-28T09:35:18","slug":"muenstertal-im-film-bei-arte-tv","status":"publish","type":"post","link":"https:\/\/www.freiburg-schwarzwald.de\/blog\/muenstertal-im-film-bei-arte-tv\/","title":{"rendered":"Muenstertal im Film bei arte-TV"},"content":{"rendered":"<p><!-- RSPEAK_STOP --><!-- RSPEAK_START -->Die Hauptszenen der 14. Folge &#8222;Schwarzwald&#8220; der <a title=\"Film\" href=\"https:\/\/www.freiburg-schwarzwald.de\/blog\/kultur\/medien\/film\/\">arte-Sendung<\/a>\u00a0&#8222;Wie das Land so der Mensch&#8220; wurden in <a title=\"Muenstertal\" href=\"https:\/\/www.freiburg-schwarzwald.de\/blog\/regio\/orte\/muenstertal\/\">M\u00fcnstertal <\/a>und Staufen gedreht, wobei Rapha\u00ebl Hitier unter anderem die Historiker Arno und Markus Herbener zur Geschichte sowie den Landwirt Markus Glockner zur Situation der heutigen Landwirtschaft befragte <!--more-->Auf seiner Reise durch die sch\u00f6nsten Regionen Frankreichs mit einigen Abstechern nach Deutschland lie\u00df sich der Wissenschaftsjournalist Rapha\u00ebl Hitier von einem Kamerateam begleiten. Geologen, Historiker und Biologen erkl\u00e4ren ihm vor Ort, wie die Natur die Landschaften gepr\u00e4gt hat. Und er trifft Bewohner, die ihm Wissenswertes \u00fcber die unterschiedlichen Regionen berichten. In der 14. von 20 Folgen hat sich das Kamerateam diesseits des Rheins bewegt und dabei unter dem Motto &#8222;Wie das Land so der Mensch&#8220; den Schwarzwald und seine Menschen auf Film gebannt. . Die Sendung &#8222;Wie das Land so der Mensch&#8220; (Folge &#8222;Schwarzwald&#8220;) wird ausgestrahlt am Donnerstag, 28. M\u00e4rz 2013, um 11.35 Uhr (bis 12.00 Uhr). Eine erneute Ausstrahlung ist angesetzt auf Karsamstag, 30. M\u00e4rz, wenn zwischen 10.40 Uhr und 12.30 Uhr die Folgen \u00fcber Vogesen, Schwarzwald und Elsass wiederholt werden.<br \/>\n22.3.2013, Manfred Lange<\/p>\n<section data-controller=\"details\" data-startup=\"\" data-action=\"description\">Sendung &#8222;Wie das Land so der Mensch&#8220; (Folge &#8222;Schwarzwald&#8220;)<br \/>\nDer Schwarzwald erstreckt sich im S\u00fcdwesten Deutschlands auf einer Fl\u00e4che von fast 600 Quadratkilometern. Im fr\u00fchen Mittelalter pflanzte man Fichten und Tannen, die anfangs nur eine kleine Fl\u00e4che des Gebiets zwischen Rhein und Donau bedeckten und sich im Laufe der Zeit zu einem gr\u00fcnen Meer ausbreiteten. Im 19. Jahrhundert begann man, immer mehr B\u00e4ume zu f\u00e4llen, um neue Ackerfl\u00e4chen zu gewinnen. Das Holz verwandte man zum Bau von H\u00e4usern und als Rohstoff f\u00fcr die wachsende Industrie. Die Entdeckung von Silbervorkommen trieb die Rodung noch weiter voran, bis die zust\u00e4ndige Regierung das unkontrollierte Abholzen untersagte und die Best\u00e4nde aufzuforsten begann. In dem Schwarzwaldort Staufen lebte und arbeitete \u00fcbrigens der legend\u00e4re Professor Heinrich Faust, den Goethe in seinem Drama unsterblich machte.<\/section>\n<p><a href=\"https:\/\/www.arte.tv\">www.arte.tv<\/a> <!-- RSPEAK_STOP --><\/p>\n","protected":false},"excerpt":{"rendered":"<p>Die Hauptszenen der 14. Folge &#8222;Schwarzwald&#8220; der arte-Sendung\u00a0&#8222;Wie das Land so der Mensch&#8220; wurden in M\u00fcnstertal und Staufen gedreht, wobei Rapha\u00ebl Hitier unter anderem die Historiker Arno und Markus Herbener zur Geschichte sowie den Landwirt Markus Glockner zur Situation der &hellip; <a href=\"https:\/\/www.freiburg-schwarzwald.de\/blog\/muenstertal-im-film-bei-arte-tv\/\">Weiterlesen <span class=\"meta-nav\">&rarr;<\/span><\/a><\/p>\n","protected":false},"author":4,"featured_media":0,"comment_status":"open","ping_status":"closed","sticky":false,"template":"","format":"standard","meta":{"footnotes":""},"categories":[180,80],"tags":[142],"class_list":["post-25807","post","type-post","status-publish","format-standard","hentry","category-hochschwarzwald","category-medien","tag-renaturierung"],"_links":{"self":[{"href":"https:\/\/www.freiburg-schwarzwald.de\/blog\/wp-json\/wp\/v2\/posts\/25807","targetHints":{"allow":["GET"]}}],"collection":[{"href":"https:\/\/www.freiburg-schwarzwald.de\/blog\/wp-json\/wp\/v2\/posts"}],"about":[{"href":"https:\/\/www.freiburg-schwarzwald.de\/blog\/wp-json\/wp\/v2\/types\/post"}],"author":[{"embeddable":true,"href":"https:\/\/www.freiburg-schwarzwald.de\/blog\/wp-json\/wp\/v2\/users\/4"}],"replies":[{"embeddable":true,"href":"https:\/\/www.freiburg-schwarzwald.de\/blog\/wp-json\/wp\/v2\/comments?post=25807"}],"version-history":[{"count":0,"href":"https:\/\/www.freiburg-schwarzwald.de\/blog\/wp-json\/wp\/v2\/posts\/25807\/revisions"}],"wp:attachment":[{"href":"https:\/\/www.freiburg-schwarzwald.de\/blog\/wp-json\/wp\/v2\/media?parent=25807"}],"wp:term":[{"taxonomy":"category","embeddable":true,"href":"https:\/\/www.freiburg-schwarzwald.de\/blog\/wp-json\/wp\/v2\/categories?post=25807"},{"taxonomy":"post_tag","embeddable":true,"href":"https:\/\/www.freiburg-schwarzwald.de\/blog\/wp-json\/wp\/v2\/tags?post=25807"}],"curies":[{"name":"wp","href":"https:\/\/api.w.org\/{rel}","templated":true}]}}