{"id":25779,"date":"2013-03-27T22:20:45","date_gmt":"2013-03-27T21:20:45","guid":{"rendered":"https:\/\/www.freiburg-schwarzwald.de\/blog\/?p=25779"},"modified":"2014-02-16T16:36:13","modified_gmt":"2014-02-16T15:36:13","slug":"24000-hochbegabte-in-bw","status":"publish","type":"post","link":"https:\/\/www.freiburg-schwarzwald.de\/blog\/24000-hochbegabte-in-bw\/","title":{"rendered":"24000 Hochbegabte in BW"},"content":{"rendered":"<p>Kinder und Jugendliche mit einem Intelligenzquotient (IQ) von mindestens 130 gelten als <a title=\"Bildung\" href=\"https:\/\/www.freiburg-schwarzwald.de\/blog\/bildung\/\">hochbegabt<\/a>.\u00a0\u00a0In Baden-W\u00fcrttemberg sind von den ca 1,05 Mio Sch\u00fclern ungef\u00e4hr 2.28 % gem\u00e4\u00df Intelligenztest <a title=\"Begabung\" href=\"https:\/\/www.freiburg-schwarzwald.de\/blog\/bildung\/begabung\/\">hochbegabt<\/a>, also ca 24 000 Kindern und Jugendlichen. In der aktuellen Diskussion um <a title=\"Gemeinschaftsschule\" href=\"https:\/\/www.freiburg-schwarzwald.de\/blog\/bildung\/schulen\/gemeinschaftsschule\/\">Gemeinschaftsschule<\/a>,\u00a0<a title=\"Integration\" href=\"https:\/\/www.freiburg-schwarzwald.de\/blog\/global\/integration\/\">Integration<\/a> und\u00a0<a title=\"Inklusion\" href=\"https:\/\/www.freiburg-schwarzwald.de\/blog\/bildung\/inklusion\/\">Inklusion<!--more--><\/a>werden diese nicht ber\u00fccksichtig, die\u00a0werden zu wenig gef\u00f6rdert und sogar ausgegrenzt: Hochbegabung &#8222;ist keine Krankheit, es ist eine F\u00e4higkeit&#8220;, so Michaela Duhme von der Deutschen Gesellschaft f\u00fcr das hochbegabte Kind (DGhK).<\/p>\n<p><strong>Deutsche Gesellschaft f\u00fcr das hochbegabte Kind &#8211; DGhK<\/strong><br \/>\n<a href=\"https:\/\/www.dghk.de\">www.dghk.de<\/a><\/p>\n<p><strong>Landesgymnasium f\u00fcr Hochbegabte mit Internat und Kompetenzzentrum<\/strong><br \/>\nDas Landesgymnasium f\u00fcr Hochbegabte folgt dem Bildungsplan des achtj\u00e4hrigen Gymnasiums und schlie\u00dft mit dem Zentralabitur Baden-W\u00fcrttembergs ab. Als Fundament wird der Bildungsplan in verk\u00fcrzter und individualisierter Form vermittelt.<br \/>\nAnfang 2013: 240 Pl\u00e4tze Schule\/Internat<br \/>\nUniversit\u00e4tspark 21, 73525 Schw\u00e4bisch Gm\u00fcnd, Tel 0 71 71 \/ 104 38 100<br \/>\n<a href=\"https:\/\/www.lgh-gmuend.de\">www.lgh-gmuend.de<\/a><\/p>\n<p><strong>Hochbegabtenz\u00fcge an Gymnasien<\/strong><br \/>\nIn 14\u00a0St\u00e4dten in Baden-W\u00fcrttemberg gibt es\u00a0an Gymnasien sog. Hochbegabtenz\u00fcge<br \/>\n<a href=\"https:\/\/www.kultusportal-bw.de\/servlet\/PB\/\/menu\/1209300\/index.html?ROOT=-1\">https:\/\/www.kultusportal-bw.de\/servlet\/PB\/\/menu\/1209300\/index.html?ROOT=-1<\/a><\/p>\n","protected":false},"excerpt":{"rendered":"<p>Kinder und Jugendliche mit einem Intelligenzquotient (IQ) von mindestens 130 gelten als hochbegabt.\u00a0\u00a0In Baden-W\u00fcrttemberg sind von den ca 1,05 Mio Sch\u00fclern ungef\u00e4hr 2.28 % gem\u00e4\u00df Intelligenztest hochbegabt, also ca 24 000 Kindern und Jugendlichen. In der aktuellen Diskussion um Gemeinschaftsschule,\u00a0Integration &hellip; <a href=\"https:\/\/www.freiburg-schwarzwald.de\/blog\/24000-hochbegabte-in-bw\/\">Weiterlesen <span class=\"meta-nav\">&rarr;<\/span><\/a><\/p>\n","protected":false},"author":4,"featured_media":0,"comment_status":"open","ping_status":"closed","sticky":false,"template":"","format":"standard","meta":{"footnotes":""},"categories":[18,61],"tags":[363],"class_list":["post-25779","post","type-post","status-publish","format-standard","hentry","category-bildung","category-kinder","tag-lernen"],"_links":{"self":[{"href":"https:\/\/www.freiburg-schwarzwald.de\/blog\/wp-json\/wp\/v2\/posts\/25779","targetHints":{"allow":["GET"]}}],"collection":[{"href":"https:\/\/www.freiburg-schwarzwald.de\/blog\/wp-json\/wp\/v2\/posts"}],"about":[{"href":"https:\/\/www.freiburg-schwarzwald.de\/blog\/wp-json\/wp\/v2\/types\/post"}],"author":[{"embeddable":true,"href":"https:\/\/www.freiburg-schwarzwald.de\/blog\/wp-json\/wp\/v2\/users\/4"}],"replies":[{"embeddable":true,"href":"https:\/\/www.freiburg-schwarzwald.de\/blog\/wp-json\/wp\/v2\/comments?post=25779"}],"version-history":[{"count":0,"href":"https:\/\/www.freiburg-schwarzwald.de\/blog\/wp-json\/wp\/v2\/posts\/25779\/revisions"}],"wp:attachment":[{"href":"https:\/\/www.freiburg-schwarzwald.de\/blog\/wp-json\/wp\/v2\/media?parent=25779"}],"wp:term":[{"taxonomy":"category","embeddable":true,"href":"https:\/\/www.freiburg-schwarzwald.de\/blog\/wp-json\/wp\/v2\/categories?post=25779"},{"taxonomy":"post_tag","embeddable":true,"href":"https:\/\/www.freiburg-schwarzwald.de\/blog\/wp-json\/wp\/v2\/tags?post=25779"}],"curies":[{"name":"wp","href":"https:\/\/api.w.org\/{rel}","templated":true}]}}