{"id":25777,"date":"2013-03-27T20:53:19","date_gmt":"2013-03-27T19:53:19","guid":{"rendered":"https:\/\/www.freiburg-schwarzwald.de\/blog\/?p=25777"},"modified":"2013-05-11T20:53:34","modified_gmt":"2013-05-11T18:53:34","slug":"ebneter-kultursommer-mai-2013","status":"publish","type":"post","link":"https:\/\/www.freiburg-schwarzwald.de\/blog\/ebneter-kultursommer-mai-2013\/","title":{"rendered":"Ebneter Kultursommer Mai 2013"},"content":{"rendered":"<p>\u00dcber 40mal <a title=\"Musikvereine\" href=\"https:\/\/www.freiburg-schwarzwald.de\/blog\/vereine\/musikvereine\/\">Musik<\/a>, <a title=\"Theater\" href=\"https:\/\/www.freiburg-schwarzwald.de\/blog\/kultur\/theater\/\">Theater<\/a>, <a title=\"Kultur\" href=\"https:\/\/www.freiburg-schwarzwald.de\/blog\/kultur\/\">Literatur<\/a> und Kinderspass stehen vom 24. Mai bis 7. Juli 2013 auf dem Programm des neunten <a title=\"Ebneter-Kultursommer\" href=\"https:\/\/www.freiburg-schwarzwald.de\/blog\/kultur\/ebneter-kultursommer\/\">Ebneter Kultursommers<\/a>, zu dem das historische Schloss\u00a0<a title=\"Ebnet\" href=\"https:\/\/www.freiburg-schwarzwald.de\/blog\/regio\/freiburg\/ebnet\/\">Ebnet <\/a>im gleichnamigen Freiburger Stadtteil seine Pforten \u00f6ffnet.<!--more--><\/p>\n<p>Premiere in S\u00fcddeutschland<br \/>\n\u201eBesonders freuen wir uns auf die s\u00fcddeutsche Premiere des weltweit gefeierten Aktionstheaters Pan.Optikum mit Shakespeares \u201eDer Sturm\u201c, so Johann Rack vom Programmteam. Pan.Optikum ist eine Mischung aus Theater, Musik, Akrobatik und Lichtshow, zu sehen am 4. und 7. Juli um 21 Uhr. \u201eEine solch au\u00dfergew\u00f6hnliche Produktion open-air zu erleben, wird unvergesslich\u201c, ist sich Rack sicher. Vor allem gro\u00dfe Stadtrauminszenierungen, wie etwa f\u00fcr die Fu\u00dfball-WM 2006, sind f\u00fcr das Ensemble charakteristisch.<\/p>\n<p>Orientalisches Erz\u00e4hltheater trifft auf Zirkus Parmesani<br \/>\nBea von Malchus ist eine Koryph\u00e4e auf dem Gebiet des Soloerz\u00e4hltheaters. Am 5. Juli gastiert sie um 20 Uhr in der Schlossscheune mit der orientalischen Liebesgeschichte \u201eDas Bazilikonm\u00e4dchen\u201c. Mit verschwenderischer Mimik und gewandtem Wortwitz begeistert Bea von Malchus seit Jahren das Publikum. L\u00e4ngst treu sind kleine Besucher dem Kindertheater Budenzauber, dass am 16. Juni um 15 Uhr mit der Inszenierung \u201eZirkus Parmesani\u201c in der Schlossscheune bereits zum zweiten Mal dabei ist. Dann hei\u00dft es Manege frei auch wenn alle Tiere krank sind. Zirkusdirektor Archimbaldo Parmesani, Clown Schlupf und die Kunstreiterin Carlotta versuchen die Vorstellung zu retten. Ob das gelingt?<\/p>\n<p>Alexis Zorbas und Christoph Meckel<br \/>\nAnl\u00e4sslich der 50j\u00e4hrigen St\u00e4dtepartnerschaft zwischen Freiburg und Innsbruck wird unter dem Titel \u201eAlexis Zorbas\u201c am 30. Juni um 16.30 Uhr ein Galakonzert im Schlosspark aufgef\u00fchrt. Rund 200 Musiker, bestehend aus f\u00fcnf Ch\u00f6ren aus Innsbruck und Deutschland sowie zwei Musiker aus Griechenland, werden unter der Leitung von Rainer Pachner urspr\u00fcngliche kretische Musik und griechische Folklore zum Besten geben. Das mitrei\u00dfende gro\u00dfe Chor- und Orchesterwerk, komponiert von Mikis Theodorakis, basiert auf dem gleichnamigen Roman von Nikos Kazantzakis, der 1883 auf Kreta geboren wurde und 1957 in Freiburg starb. Die ber\u00fchmte Verfilmung mit Anthony Quinn z\u00e4hlt zu den erfolgreichsten aller Zeiten. Literatur und Theater kommen auch in diesem Jahr beim Ebneter Kultursommer nicht zu kurz. Der mehrfache Literaturpreistr\u00e4ger Christoph Meckel liest am 1. Juni um 20 Uhr in der Schlossscheune aus seinem Buch \u201eDunkler Weltteil\u201c und seinen Gedichten. Die Mauerbrecher geben mit ihrer Impro-Show am 28. Juni um 20 Uhr in der Schlossscheune einen Querschnitt durch alle Formen des Improvisationstheaters, bei dem das Publikum die Themen bestimmt.<br \/>\nDer Ebneter Kultursommer bietet eben nicht nur ein Forum f\u00fcr bekannte und neue Gesichter sondern auch f\u00fcr regionale und internationale Talente. Alle Veranstaltungen findet man unter <a href=\"https:\/\/www.ebneter-kultursommer.org\/\">www.ebneter-kultursommer.org<\/a>.<br \/>\n27.3.2013<\/p>\n","protected":false},"excerpt":{"rendered":"<p>\u00dcber 40mal Musik, Theater, Literatur und Kinderspass stehen vom 24. Mai bis 7. Juli 2013 auf dem Programm des neunten Ebneter Kultursommers, zu dem das historische Schloss\u00a0Ebnet im gleichnamigen Freiburger Stadtteil seine Pforten \u00f6ffnet.<\/p>\n","protected":false},"author":4,"featured_media":0,"comment_status":"open","ping_status":"closed","sticky":false,"template":"","format":"standard","meta":{"footnotes":""},"categories":[13,120,214],"tags":[301],"class_list":["post-25777","post","type-post","status-publish","format-standard","hentry","category-kultur","category-musik","category-theater","tag-culture"],"_links":{"self":[{"href":"https:\/\/www.freiburg-schwarzwald.de\/blog\/wp-json\/wp\/v2\/posts\/25777","targetHints":{"allow":["GET"]}}],"collection":[{"href":"https:\/\/www.freiburg-schwarzwald.de\/blog\/wp-json\/wp\/v2\/posts"}],"about":[{"href":"https:\/\/www.freiburg-schwarzwald.de\/blog\/wp-json\/wp\/v2\/types\/post"}],"author":[{"embeddable":true,"href":"https:\/\/www.freiburg-schwarzwald.de\/blog\/wp-json\/wp\/v2\/users\/4"}],"replies":[{"embeddable":true,"href":"https:\/\/www.freiburg-schwarzwald.de\/blog\/wp-json\/wp\/v2\/comments?post=25777"}],"version-history":[{"count":0,"href":"https:\/\/www.freiburg-schwarzwald.de\/blog\/wp-json\/wp\/v2\/posts\/25777\/revisions"}],"wp:attachment":[{"href":"https:\/\/www.freiburg-schwarzwald.de\/blog\/wp-json\/wp\/v2\/media?parent=25777"}],"wp:term":[{"taxonomy":"category","embeddable":true,"href":"https:\/\/www.freiburg-schwarzwald.de\/blog\/wp-json\/wp\/v2\/categories?post=25777"},{"taxonomy":"post_tag","embeddable":true,"href":"https:\/\/www.freiburg-schwarzwald.de\/blog\/wp-json\/wp\/v2\/tags?post=25777"}],"curies":[{"name":"wp","href":"https:\/\/api.w.org\/{rel}","templated":true}]}}