{"id":25583,"date":"2013-03-24T19:01:38","date_gmt":"2013-03-24T18:01:38","guid":{"rendered":"https:\/\/www.freiburg-schwarzwald.de\/blog\/?p=25583"},"modified":"2013-04-09T08:13:53","modified_gmt":"2013-04-09T06:13:53","slug":"es-geht-uns-leider-gut","status":"publish","type":"post","link":"https:\/\/www.freiburg-schwarzwald.de\/blog\/es-geht-uns-leider-gut\/","title":{"rendered":"Es geht uns leider gut"},"content":{"rendered":"<p>Der <a title=\"EineWelt\" href=\"https:\/\/www.freiburg-schwarzwald.de\/blog\/global\/einewelt\/\">Welt<\/a>, in der wir leben, geht es schlecht. Diesen Eindruck mu\u00df bekommen, wer die Ergebnisse der repr\u00e4sentativen Umfrage liest, die TMS Infratest f\u00fcr die ZEIT im Fr\u00fchjahr 2013 in Deutschland durchgef\u00fchrt hat. Die Umfrage best\u00e4tigt die pessimistische Grundeinstellung der Deutschen &#8211; doch diese\u00a0ist vollkommen unberechtigt. Realit\u00e4t und Wahrheit: Der Welt geht es sehr gut. Wir leben nicht im Paradies, aber noch nie ging es den meisten Menschen auf der Welt so gut wie heute.<!--more--><\/p>\n<p>Schon allein wegen dieser Umfrage mit ihren so interessanten Ergebnissen zu zehn grundlegenden Fragen lohnt , die ZEIT Nr. 13 zu kaufen. Den gesamten Artikel &#8222;Es geht uns leider gut&#8220; mit den Umfrageergebnissen in der ZEIT Nr. 13 vom 21.3.2013 bitte lesen auf <a href=\"https:\/\/www.zeit.de\/gutenachrichten\">www.zeit.de\/gutenachrichten<\/a><br \/>\nZehn pessimistische Fragen wurden vorgelegt, bei sieben der zehn Fragen wurde die d\u00fcstere Sicht der Deutschen best\u00e4tigt. In der Realit\u00e4t hingegen bewahrheitet sich diese negative Sicht jedoch nicht, sie ist falsch.<\/p>\n<p>(1) <a title=\"Umwelt\" href=\"https:\/\/www.freiburg-schwarzwald.de\/blog\/natur\/umwelt\/\">Umwelt<\/a>: &#8222;Die Umwelt wird durch den Menschen immer mehr verschmutzt&#8220;<br \/>\nAntwort JA 91%<br \/>\nRealit\u00e4t: Der Feinstaub-Jahresmittelwert nahm 1970-2010 von 180 auf 25 Mikrogramm\/Kubikmeter ab.<\/p>\n<p>(2) <a title=\"Engagement\" href=\"https:\/\/www.freiburg-schwarzwald.de\/blog\/engagement\/\">Engagement<\/a>: &#8222;Die Menschen werden immer egoistischer&#8220;<br \/>\nAntwort JA 83%<br \/>\nRealit\u00e4t: Im Zeitraum 1999-2009 nahm die Zahl der Nicht-Engagierten von 34% auf 29% ab.<\/p>\n<p>(3) <a title=\"EineWelt\" href=\"https:\/\/www.freiburg-schwarzwald.de\/blog\/global\/einewelt\/\">Dritte Welt<\/a>: &#8222;Den Menschen in der Dritten Welt geht es immer schlechter&#8220;<br \/>\nAntwort JA 75%<br \/>\nRealit\u00e4t: Anteil der in extremer Armut lebenden Menschen hat weltweit abgenommen:\u00a0von 43% in 1990 \u00fcber 33% in 200 auf 21% im Jahr 2010.<\/p>\n<p>(4) <a title=\"Ernaehrung\" href=\"https:\/\/www.freiburg-schwarzwald.de\/blog\/natur\/ernaehrung\/\">Ern\u00e4hrung<\/a>: &#8222;Wir ern\u00e4hren uns immer unges\u00fcnder&#8220;<br \/>\nAntwort JA 72%<br \/>\nRealit\u00e4t: <a title=\"Konsum\" href=\"https:\/\/www.freiburg-schwarzwald.de\/blog\/engagement\/verbraucher\/konsum\/\">Fleischkonsum<\/a> pro Kopf\u00a0sinkt von 100\u00a0auf 87.5 kg, der Fischkonsum hingegen steigt von 10 auf 16 kg.<\/p>\n<p>(5)<a title=\"Justiz\" href=\"https:\/\/www.freiburg-schwarzwald.de\/blog\/selbsthilfe\/soziales\/justiz\/\"> Sicherheit<\/a>: &#8222;Die Kriminalit\u00e4t nimmt immer mehr zu&#8220;<br \/>\nAntwort JA 72%<br \/>\nRealit\u00e4t: Die Zahl der Sexualmorde nahm von 53 in 1981 auf 4 in 2010 ab.<\/p>\n<p>(6) <a title=\"Familie\" href=\"https:\/\/www.freiburg-schwarzwald.de\/blog\/selbsthilfe\/familie\/\">Familie<\/a>: &#8222;Die Familienstrukturen in unserer Gesellschaft sind in Aufl\u00f6sung begriffen&#8220;<br \/>\nAntwort JA 70%<br \/>\nRealit\u00e4t: 60% der 16-29j\u00e4hrigen sagen &#8222;Meine Eltern waren immer sehr liebevoll zu mir&#8220;.<\/p>\n<p>(7) <a title=\"Gesund\" href=\"https:\/\/www.freiburg-schwarzwald.de\/blog\/business\/gesund\/\">Gesundheitswesen<\/a>: &#8222;Die Gesundheitsversorgung wird immer schlechter&#8220;<br \/>\nAntwort JA 58%<br \/>\nRealit\u00e4t: Von 1970 bis 2010 nahmen die Gesundheitsausgaben je Person von 1970 Euro auf 3510 Euro zu. Und die Lebenswerwartung stieg von 71 Jahre auf 80 Jahre.<\/p>\n<p>(8) Bildung: &#8222;Die jungen Leute sind heute weniger gebnildet als fr\u00fcher&#8220;<br \/>\nAntwort JA 44%<\/p>\n<p>(9) <a title=\"Demokratie\" href=\"https:\/\/www.freiburg-schwarzwald.de\/blog\/engagement\/zukunft\/demokratie\/\">Demokratie<\/a>: &#8222;Die Demokratie ist in den meisten L\u00e4ndern der Welt auf dem R\u00fcckzug&#8220;<br \/>\nAntwort JA 40%<br \/>\nRealit\u00e4t: Nach den allj\u00e4hrlichen &#8222;Freedom in the world&#8220;-Berichten steigt die Zahl der Demokratien stetig: Von 44 in 1973 auf 90 Staaten im Jahr 2012.<\/p>\n<p>(10) Wirtschaft: &#8222;Uns Deutschen geht es wirtschaftlich schlechter als fr\u00fcher&#8220;<br \/>\nAntwort JA 36%<\/p>\n<p>&nbsp;<\/p>\n","protected":false},"excerpt":{"rendered":"<p>Der Welt, in der wir leben, geht es schlecht. Diesen Eindruck mu\u00df bekommen, wer die Ergebnisse der repr\u00e4sentativen Umfrage liest, die TMS Infratest f\u00fcr die ZEIT im Fr\u00fchjahr 2013 in Deutschland durchgef\u00fchrt hat. Die Umfrage best\u00e4tigt die pessimistische Grundeinstellung der &hellip; <a href=\"https:\/\/www.freiburg-schwarzwald.de\/blog\/es-geht-uns-leider-gut\/\">Weiterlesen <span class=\"meta-nav\">&rarr;<\/span><\/a><\/p>\n","protected":false},"author":4,"featured_media":0,"comment_status":"open","ping_status":"closed","sticky":false,"template":"","format":"standard","meta":{"footnotes":""},"categories":[52,172],"tags":[715,525,472],"class_list":["post-25583","post","type-post","status-publish","format-standard","hentry","category-einewelt","category-zukunft","tag-klima","tag-politik","tag-umfrage"],"_links":{"self":[{"href":"https:\/\/www.freiburg-schwarzwald.de\/blog\/wp-json\/wp\/v2\/posts\/25583","targetHints":{"allow":["GET"]}}],"collection":[{"href":"https:\/\/www.freiburg-schwarzwald.de\/blog\/wp-json\/wp\/v2\/posts"}],"about":[{"href":"https:\/\/www.freiburg-schwarzwald.de\/blog\/wp-json\/wp\/v2\/types\/post"}],"author":[{"embeddable":true,"href":"https:\/\/www.freiburg-schwarzwald.de\/blog\/wp-json\/wp\/v2\/users\/4"}],"replies":[{"embeddable":true,"href":"https:\/\/www.freiburg-schwarzwald.de\/blog\/wp-json\/wp\/v2\/comments?post=25583"}],"version-history":[{"count":0,"href":"https:\/\/www.freiburg-schwarzwald.de\/blog\/wp-json\/wp\/v2\/posts\/25583\/revisions"}],"wp:attachment":[{"href":"https:\/\/www.freiburg-schwarzwald.de\/blog\/wp-json\/wp\/v2\/media?parent=25583"}],"wp:term":[{"taxonomy":"category","embeddable":true,"href":"https:\/\/www.freiburg-schwarzwald.de\/blog\/wp-json\/wp\/v2\/categories?post=25583"},{"taxonomy":"post_tag","embeddable":true,"href":"https:\/\/www.freiburg-schwarzwald.de\/blog\/wp-json\/wp\/v2\/tags?post=25583"}],"curies":[{"name":"wp","href":"https:\/\/api.w.org\/{rel}","templated":true}]}}