{"id":25344,"date":"2013-03-21T17:42:55","date_gmt":"2013-03-21T16:42:55","guid":{"rendered":"https:\/\/www.freiburg-schwarzwald.de\/blog\/?p=25344"},"modified":"2013-03-21T17:43:53","modified_gmt":"2013-03-21T16:43:53","slug":"berufsvorbereitung-himmelreich","status":"publish","type":"post","link":"https:\/\/www.freiburg-schwarzwald.de\/blog\/berufsvorbereitung-himmelreich\/","title":{"rendered":"Berufsvorbereitung Himmelreich"},"content":{"rendered":"<p>Gro\u00df war die Freude jetzt bei neun jungen Menschen mit <a title=\"Down-Syndrom\" href=\"https:\/\/www.freiburg-schwarzwald.de\/blog\/selbsthilfe\/behinderung\/down-syndrom\/\">Behinderung<\/a>, als ihnen die Sozialp\u00e4dagogin Monika Pollmann von der <a title=\"Himmelreich\" href=\"https:\/\/www.freiburg-schwarzwald.de\/blog\/selbsthilfe\/behinderung\/himmelreich\/\">Integrativen Akademie Himmelreich<\/a>\u00a0und Mentor Christoph Kula ihre Kompetenzbescheinigungen \u00fcberreichten. Daf\u00fcr hatten sie sich im Himmelreich und in <a title=\"Gasthaus\" href=\"https:\/\/www.freiburg-schwarzwald.de\/blog\/tourismus\/gastro\/gasthaus\/\">Gastronomiebetrieben<\/a> der Region achtzehn Monate lang in Theorie und Praxis auf einen Arbeitsplatz im <a title=\"Azubi\" href=\"https:\/\/www.freiburg-schwarzwald.de\/blog\/bildung\/duale-bildung\/azubi\/\">Berufsfeld<\/a> <!--more-->des Hotel- und Gastst\u00e4ttengewerbes vorbereitet. Es war bereits der f\u00fcnfte Berufsvorbereitungskurs an der Akademie seit ihrer Gr\u00fcndung im Jahre 2007. Lehrer und Mentoren der Integrativen Akademie standen den Absolventen und Praxisstellen w\u00e4hrend dieser Zeit mit Rat und Tat zur Seite.<br \/>\nZum feierlichen Abschluss von \u201eKurs 5\u201c konnte Jochen Lauber, Gesch\u00e4ftsf\u00fchrer der \u201eHofgut Himmelreich gGmbH\u201c, fast 90 G\u00e4ste in den Akademie-Containern am Bahnhof begr\u00fc\u00dfen. Mit dabei waren auch die SPD-Landtagsabgeordnete Gabi Rolland, die B\u00fcrgermeister Andreas Hall und Harald Reinhard, viele Partner aus Beh\u00f6rden wie der Agentur f\u00fcr Arbeit und der Industrie- und Handelskammer sowie aus Betrieben oder Verb\u00e4nden und zahlreiche Mentoren. Ihnen allen dankte Lauber f\u00fcr die hilfreiche Begleitung der Himmelreicher Integrationsarbeit. Die Leiterin der Akademie, Katharina Katt, freute sich, dass alle G\u00e4ste zum \u201estarken Netzwerk der aktiven Partner\u201c beitr\u00fcgen und so das Ziel der Inklusion vorantrieben. \u201eSie alle bringen der Akademie eine gro\u00dfe Wertsch\u00e4tzung entgegen\u201c, betonte Katt.<br \/>\nKirchzartens B\u00fcrgermeister Andreas Hall wies bei seinem Gru\u00dfwort darauf hin, dass die Integration von Menschen mit Behinderung in normale Arbeitsverh\u00e4ltnisse noch viel selbstverst\u00e4ndlicher werden m\u00fcsse. Sein Buchenbacher Amtskollege Reinhard w\u00fcnschte sich f\u00fcr die Zukunft gemeinsame Projekte mit der Integrativen Akademie Himmelreich. Als regelm\u00e4\u00dfiger Himmelreichgast versprach Landtagsabgeordnete Gabi Rolland ihre politische Unterst\u00fctzung bei der Finanzierung des Bahnhofsausbaus zum Akademiegeb\u00e4ude. Und Roswitha Schneider, bei der Agentur f\u00fcr Arbeit f\u00fcr den Bereich Integration zust\u00e4ndig, und Annette Aly vom Integrationsfachdienst Freiburg dr\u00fcckten ihre Anerkennung f\u00fcr die gro\u00dfe Leistung der neun behinderten Kursteilnehmer aus. Ein gutes Wort zur Schaffung von Arbeitspl\u00e4tzen f\u00fcr Menschen mit Behinderung will Hansj\u00f6rg Dattler von Hotel- und Gastst\u00e4ttenverband (DEHOGA) bei seinen Kollegen einlegen.<\/p>\n<p>\u00a0<a href=\"https:\/\/www.freiburg-schwarzwald.de\/blog\/berufsvorbereitung-himmelreich\/himmelreich-kurs2013maerz\/\" rel=\"attachment wp-att-25345\"><img loading=\"lazy\" decoding=\"async\" class=\"alignnone size-thumbnail wp-image-25345\" title=\"himmelreich-kurs2013maerz\" src=\"https:\/\/www.freiburg-schwarzwald.de\/blog\/wp-content\/uploads\/2013\/03\/himmelreich-kurs2013maerz-180x120.jpg\" alt=\"\" width=\"180\" height=\"120\" srcset=\"https:\/\/www.freiburg-schwarzwald.de\/blog\/wp-content\/uploads\/2013\/03\/himmelreich-kurs2013maerz-180x120.jpg 180w, https:\/\/www.freiburg-schwarzwald.de\/blog\/wp-content\/uploads\/2013\/03\/himmelreich-kurs2013maerz.jpg 640w\" sizes=\"auto, (max-width: 180px) 100vw, 180px\" \/><\/a><\/p>\n<p>\u00dcber den erfolgreich absolvierten Berufsvorbereitungskurs war die Freude bei den Teilnehmenden, Akademie-Mitarbeitern und Mentoren gleich gro\u00df.\u00a0Foto: Privat<\/p>\n<p>Sozialp\u00e4dagogin Monika Pollmann von der Integrativen Akademie \u00fcberreichte dann gemeinsam mit einem der Mentoren, Christoph Kula, die Kompetenz-Bescheinigungen f\u00fcr eine erfolgreiche Berufsvorbereitung. Die Mentoren spielen bei dem Kurs eine besonders wichtige Rolle, denn sie begleiten die Kursteilnehmer w\u00e4hrend der Theoriezeit und besonders in den Praxisphasen in den verschiedenen Gastronomiebetrieben S\u00fcdbadens. Zum Abschluss konnte Werner Rentschler von der Industrie- und Handelskammer S\u00fcdlicher Oberrhein an Lukas Gerber Zertifikate f\u00fcr erfolgreiche Modulpr\u00fcfungen in Arbeitsbereichen des Hotel- und Gastst\u00e4ttengewerbes \u00fcberreichen. Gerber hatte sich besonders f\u00fcr den Einsatz an der Theke und f\u00fcr die Zimmerreinigung qualifiziert. Er wurde von seinem Praktikumsbetrieb, dem \u201eHotel Sennerbad\u201c in Ravensburg, \u00fcbernommen. Und auch die meisten anderen Kursteilnehmer haben bereits einen festen Arbeitsplatz oder stehen in konkreten Abschlussverhandlungen. Bei der Bewirtung der Abschlussfestg\u00e4ste mit Speisen und Getr\u00e4nke bewiesen sie ihre guten Erfahrungen in der Gastronomie.<br \/>\n21.3.2013, Gerhard L\u00fcck, <a href=\"https:\/\/www.dreisamtaeler.de\">www.dreisamtaeler.de<\/a><\/p>\n<p>&nbsp;<\/p>\n<p>&nbsp;<\/p>\n<p>&nbsp;<\/p>\n","protected":false},"excerpt":{"rendered":"<p>Gro\u00df war die Freude jetzt bei neun jungen Menschen mit Behinderung, als ihnen die Sozialp\u00e4dagogin Monika Pollmann von der Integrativen Akademie Himmelreich\u00a0und Mentor Christoph Kula ihre Kompetenzbescheinigungen \u00fcberreichten. Daf\u00fcr hatten sie sich im Himmelreich und in Gastronomiebetrieben der Region achtzehn &hellip; <a href=\"https:\/\/www.freiburg-schwarzwald.de\/blog\/berufsvorbereitung-himmelreich\/\">Weiterlesen <span class=\"meta-nav\">&rarr;<\/span><\/a><\/p>\n","protected":false},"author":4,"featured_media":0,"comment_status":"open","ping_status":"closed","sticky":false,"template":"","format":"standard","meta":{"footnotes":""},"categories":[56,138],"tags":[504],"class_list":["post-25344","post","type-post","status-publish","format-standard","hentry","category-behinderung","category-gastro","tag-weiterbildung"],"_links":{"self":[{"href":"https:\/\/www.freiburg-schwarzwald.de\/blog\/wp-json\/wp\/v2\/posts\/25344","targetHints":{"allow":["GET"]}}],"collection":[{"href":"https:\/\/www.freiburg-schwarzwald.de\/blog\/wp-json\/wp\/v2\/posts"}],"about":[{"href":"https:\/\/www.freiburg-schwarzwald.de\/blog\/wp-json\/wp\/v2\/types\/post"}],"author":[{"embeddable":true,"href":"https:\/\/www.freiburg-schwarzwald.de\/blog\/wp-json\/wp\/v2\/users\/4"}],"replies":[{"embeddable":true,"href":"https:\/\/www.freiburg-schwarzwald.de\/blog\/wp-json\/wp\/v2\/comments?post=25344"}],"version-history":[{"count":0,"href":"https:\/\/www.freiburg-schwarzwald.de\/blog\/wp-json\/wp\/v2\/posts\/25344\/revisions"}],"wp:attachment":[{"href":"https:\/\/www.freiburg-schwarzwald.de\/blog\/wp-json\/wp\/v2\/media?parent=25344"}],"wp:term":[{"taxonomy":"category","embeddable":true,"href":"https:\/\/www.freiburg-schwarzwald.de\/blog\/wp-json\/wp\/v2\/categories?post=25344"},{"taxonomy":"post_tag","embeddable":true,"href":"https:\/\/www.freiburg-schwarzwald.de\/blog\/wp-json\/wp\/v2\/tags?post=25344"}],"curies":[{"name":"wp","href":"https:\/\/api.w.org\/{rel}","templated":true}]}}