{"id":24599,"date":"2013-03-14T15:51:33","date_gmt":"2013-03-14T14:51:33","guid":{"rendered":"https:\/\/www.freiburg-schwarzwald.de\/blog\/?p=24599"},"modified":"2013-03-14T15:51:33","modified_gmt":"2013-03-14T14:51:33","slug":"generationenspielplatz-waldsee","status":"publish","type":"post","link":"https:\/\/www.freiburg-schwarzwald.de\/blog\/generationenspielplatz-waldsee\/","title":{"rendered":"Generationenspielplatz Waldsee"},"content":{"rendered":"<p>Begonnen haben in diesen Tagen die Arbeiten f\u00fcr den neuen<a title=\"B\u00fcrgerbeteiligung Mehrgenerationenspielplatz Laubenhof und Vernetzung\" href=\"https:\/\/www.freiburg-schwarzwald.de\/blog\/burgerbeteiligung-mehrgenerationenspielplatz-laubenhof-und-vernetzung\/\"> &#8222;Generationenspielplatz&#8220;<\/a> zwischen den Stra\u00dfen Im Haltinger und Weismannstra\u00dfe in <a title=\"Oberwiehre\" href=\"https:\/\/www.freiburg-schwarzwald.de\/blog\/regio\/freiburg\/oberwiehre\/\">FR-Waldsee<\/a>. Geplant und gebaut wird der Platz gemeinsam von der <a title=\"Stiftungen\" href=\"https:\/\/www.freiburg-schwarzwald.de\/blog\/business\/stiftungen\/\">Heiliggeistspitalstiftung<\/a>, die nebenan die Seniorenwohnanlage Laubenhof betreibt, und dem st\u00e4dtischen Garten- und Tiefbauamt. Finanziell wird er vor allem vom Hauptsponsor, der Eugen-Martin-Stiftung, <!--more-->unterst\u00fctzt. Die Gesamtkosten sind auf 320 000 Euro taxiert. Auf 3500 Quadratmetern werden ein bisheriger st\u00e4dtischer Spielplatz, ein Bolzplatz und Laubenhof-Au\u00dfenanlagen umgestaltet. Der Vorlauf des Projektes, f\u00fcr das sich auch der B\u00fcrgerverein Oberwiehre-Waldsee engagierte, reicht zur\u00fcck ins Jahr 2008. Die VEGA, &#8222;Verantwortungsgemeinschaft f\u00fcr gelingendes Altern im Freiburger Osten&#8220;, begleitet den Ideenprozess. Der neue Generationenspielplatz soll f\u00fcr buchst\u00e4blich alle Altersgruppen Aktivr\u00e4ume und Ruhebereiche bieten und der Freude an Bewegung und der Kommunikation dienen. Laut Stadtverwaltung sollen die Arbeiten Ende Juli abgeschlossen sein.<br \/>\n14.3.2013<\/p>\n<p><!-- RSPEAK_STOP --><\/p>\n<div>\n<div id=\"zoneAdserverMrec\">\n<div id=\"helperAdserverMrec\"><noscript><\/noscript><\/p>\n<div id=\"beacon_16b0eefec4\"><img loading=\"lazy\" decoding=\"async\" src=\"https:\/\/w.online-verlag-freiburg.de\/www\/delivery\/lg.php?bannerid=790&amp;campaignid=367&amp;zoneid=7632&amp;loc=1&amp;referer=http%3A%2F%2Fwww.badische-zeitung.de%2Ffreiburg-ost%2Fein-spielplatz-fuer-jedes-alter--70015837.html&amp;cb=16b0eefec4\" alt=\"\" width=\"0\" height=\"0\" \/><\/div>\n<\/div>\n<\/div>\n<\/div>\n","protected":false},"excerpt":{"rendered":"<p>Begonnen haben in diesen Tagen die Arbeiten f\u00fcr den neuen &#8222;Generationenspielplatz&#8220; zwischen den Stra\u00dfen Im Haltinger und Weismannstra\u00dfe in FR-Waldsee. Geplant und gebaut wird der Platz gemeinsam von der Heiliggeistspitalstiftung, die nebenan die Seniorenwohnanlage Laubenhof betreibt, und dem st\u00e4dtischen Garten- &hellip; <a href=\"https:\/\/www.freiburg-schwarzwald.de\/blog\/generationenspielplatz-waldsee\/\">Weiterlesen <span class=\"meta-nav\">&rarr;<\/span><\/a><\/p>\n","protected":false},"author":4,"featured_media":0,"comment_status":"open","ping_status":"closed","sticky":false,"template":"","format":"standard","meta":{"footnotes":""},"categories":[36,61,93],"tags":[200],"class_list":["post-24599","post","type-post","status-publish","format-standard","hentry","category-engagement","category-kinder","category-kindergarten","tag-spiel"],"_links":{"self":[{"href":"https:\/\/www.freiburg-schwarzwald.de\/blog\/wp-json\/wp\/v2\/posts\/24599","targetHints":{"allow":["GET"]}}],"collection":[{"href":"https:\/\/www.freiburg-schwarzwald.de\/blog\/wp-json\/wp\/v2\/posts"}],"about":[{"href":"https:\/\/www.freiburg-schwarzwald.de\/blog\/wp-json\/wp\/v2\/types\/post"}],"author":[{"embeddable":true,"href":"https:\/\/www.freiburg-schwarzwald.de\/blog\/wp-json\/wp\/v2\/users\/4"}],"replies":[{"embeddable":true,"href":"https:\/\/www.freiburg-schwarzwald.de\/blog\/wp-json\/wp\/v2\/comments?post=24599"}],"version-history":[{"count":0,"href":"https:\/\/www.freiburg-schwarzwald.de\/blog\/wp-json\/wp\/v2\/posts\/24599\/revisions"}],"wp:attachment":[{"href":"https:\/\/www.freiburg-schwarzwald.de\/blog\/wp-json\/wp\/v2\/media?parent=24599"}],"wp:term":[{"taxonomy":"category","embeddable":true,"href":"https:\/\/www.freiburg-schwarzwald.de\/blog\/wp-json\/wp\/v2\/categories?post=24599"},{"taxonomy":"post_tag","embeddable":true,"href":"https:\/\/www.freiburg-schwarzwald.de\/blog\/wp-json\/wp\/v2\/tags?post=24599"}],"curies":[{"name":"wp","href":"https:\/\/api.w.org\/{rel}","templated":true}]}}