{"id":24396,"date":"2013-03-12T15:45:28","date_gmt":"2013-03-12T14:45:28","guid":{"rendered":"https:\/\/www.freiburg-schwarzwald.de\/blog\/?p=24396"},"modified":"2013-03-12T15:48:51","modified_gmt":"2013-03-12T14:48:51","slug":"facebook-verraet-alles","status":"publish","type":"post","link":"https:\/\/www.freiburg-schwarzwald.de\/blog\/facebook-verraet-alles\/","title":{"rendered":"Facebook verraet alles"},"content":{"rendered":"<p>Eine von der National Academy of Sciences der USA ver\u00f6ffentlichte <a title=\"Jugend-forscht\" href=\"https:\/\/www.freiburg-schwarzwald.de\/blog\/bildung\/forschung\/jugend-forscht\/\">Studie<\/a> britischer Forscher an fast 60000 US-Facebooklern belegt: Die <a title=\"Forschung\" href=\"https:\/\/www.freiburg-schwarzwald.de\/blog\/bildung\/forschung\/\">Computeranalyse<\/a> der Likes liefert exakte Aussagen \u00fcber Geschlecht, ethnische Zuge-h\u00f6rigkeit, sexuelle Orientierung und politische Einstellung der <a title=\"Social-Networking\" href=\"https:\/\/www.freiburg-schwarzwald.de\/blog\/kultur\/internet\/social-networking\/\">Facebook<\/a>-User. \u00dcber die &#8222;Gef\u00e4llt mir&#8220;-Clicks verr\u00e4t man, was man eigentlich f\u00fcr sich behalten m\u00f6chte:\u00a0<a title=\"Single\" href=\"https:\/\/www.freiburg-schwarzwald.de\/blog\/selbsthilfe\/single\/\">Single<\/a> oder in<a title=\"Familie\" href=\"https:\/\/www.freiburg-schwarzwald.de\/blog\/selbsthilfe\/familie\/\"> Familie<\/a>, hetero oder <a title=\"Homosexualitaet\" href=\"https:\/\/www.freiburg-schwarzwald.de\/blog\/selbsthilfe\/soziales\/homosexualitaet\/\">schwul<\/a>,\u00a0<!--more-->konservativ oder liberal, clean oder Drogen, intellektuell oder praktisch, bequem oder sportlich, ehrenamtlich engagiert oder isoliert, Moslem oder Christ,\u00a0depressiv oder manisch, krank oder gesund.\u00a0Nicht nur die\u00a0Werbebranche und staatliche Beh\u00f6rden, sondern gerade auch die eigenen Facebook-Freunde k\u00f6nnen Software runterladen, die\u00a0Infos liefern, die das Individuum so gar nicht hat teilen wollen.\u00a0<br \/>\n<em>&#8222;Alles, was Du \u00fcber Facebook mitteilst, kannst Du auch als Aushang an deine Wohnungst\u00fcre oder dein Gartentor heften. Mit dem Unterschied, dass von deinem ver\u00f6ffentlichten Aushang so gut wie niemand etwas erf\u00e4hrt&#8220;<\/em> &#8211; so ein Medienexperte der Uni M\u00fcnchen schon Anfang 2012.<br \/>\nProceedings of the National Academy of Sciences of the United States of America (PNAS) vom 11.3.2013<br \/>\n<a href=\"https:\/\/www.pnas.org\/content\/early\/2013\/03\/06\/1218772110.full.pdf+html\">https:\/\/www.pnas.org\/content\/early\/2013\/03\/06\/1218772110.full.pdf+html<\/a><\/p>\n","protected":false},"excerpt":{"rendered":"<p>Eine von der National Academy of Sciences der USA ver\u00f6ffentlichte Studie britischer Forscher an fast 60000 US-Facebooklern belegt: Die Computeranalyse der Likes liefert exakte Aussagen \u00fcber Geschlecht, ethnische Zuge-h\u00f6rigkeit, sexuelle Orientierung und politische Einstellung der Facebook-User. \u00dcber die &#8222;Gef\u00e4llt mir&#8220;-Clicks &hellip; <a href=\"https:\/\/www.freiburg-schwarzwald.de\/blog\/facebook-verraet-alles\/\">Weiterlesen <span class=\"meta-nav\">&rarr;<\/span><\/a><\/p>\n","protected":false},"author":4,"featured_media":0,"comment_status":"open","ping_status":"closed","sticky":false,"template":"","format":"standard","meta":{"footnotes":""},"categories":[162,60,80],"tags":[82],"class_list":["post-24396","post","type-post","status-publish","format-standard","hentry","category-internet","category-jugend","category-medien","tag-facebook"],"_links":{"self":[{"href":"https:\/\/www.freiburg-schwarzwald.de\/blog\/wp-json\/wp\/v2\/posts\/24396","targetHints":{"allow":["GET"]}}],"collection":[{"href":"https:\/\/www.freiburg-schwarzwald.de\/blog\/wp-json\/wp\/v2\/posts"}],"about":[{"href":"https:\/\/www.freiburg-schwarzwald.de\/blog\/wp-json\/wp\/v2\/types\/post"}],"author":[{"embeddable":true,"href":"https:\/\/www.freiburg-schwarzwald.de\/blog\/wp-json\/wp\/v2\/users\/4"}],"replies":[{"embeddable":true,"href":"https:\/\/www.freiburg-schwarzwald.de\/blog\/wp-json\/wp\/v2\/comments?post=24396"}],"version-history":[{"count":0,"href":"https:\/\/www.freiburg-schwarzwald.de\/blog\/wp-json\/wp\/v2\/posts\/24396\/revisions"}],"wp:attachment":[{"href":"https:\/\/www.freiburg-schwarzwald.de\/blog\/wp-json\/wp\/v2\/media?parent=24396"}],"wp:term":[{"taxonomy":"category","embeddable":true,"href":"https:\/\/www.freiburg-schwarzwald.de\/blog\/wp-json\/wp\/v2\/categories?post=24396"},{"taxonomy":"post_tag","embeddable":true,"href":"https:\/\/www.freiburg-schwarzwald.de\/blog\/wp-json\/wp\/v2\/tags?post=24396"}],"curies":[{"name":"wp","href":"https:\/\/api.w.org\/{rel}","templated":true}]}}