{"id":24299,"date":"2013-03-10T20:25:11","date_gmt":"2013-03-10T19:25:11","guid":{"rendered":"https:\/\/www.freiburg-schwarzwald.de\/blog\/?p=24299"},"modified":"2013-03-11T09:02:28","modified_gmt":"2013-03-11T08:02:28","slug":"doppelte-staatsbuergerschaft","status":"publish","type":"post","link":"https:\/\/www.freiburg-schwarzwald.de\/blog\/doppelte-staatsbuergerschaft\/","title":{"rendered":"Doppelte Staatsbuergerschaft"},"content":{"rendered":"<p><em>&#8218;Heimat ist dort, wo ich geboren bin&#8216;<\/em> &#8211; sch\u00f6n, wer das sagen kann. Doch dieser eng an Herkunft, Geburtsort, Vater-land und Muttersprache orientierte Begriff der\u00a0<a title=\"Heimat\" href=\"https:\/\/www.freiburg-schwarzwald.de\/blog\/regio\/heimat\/\">Heimat<\/a> ist im Wandel befindlich,\u00a0die Globalisierung l\u00f6st die Grenzen zwischen Heimat und Fremde auf. <em>&#8218;Heimat ist dort, wo mir Recht gew\u00e4hrt wird&#8216;<\/em>. Aus diesem Grunde hat die Frauen-rechtlerin Seyran Ates ihren t\u00fcrkischen Pass abgegeben: &#8222;Die B\u00fcrgerrechte und die Freiheit, die mir der deutsche Staat gew\u00e4hrt, machen mich zur Patriotin.&#8220;<!--more--><\/p>\n<p>Damit definiert sie Heimat mit dem von Dolf Sternberger gepr\u00e4gten Verfassungspatriotismus: Der Rechtsstaat, dessen freiheitlich-<a title=\"Demokratie\" href=\"https:\/\/www.freiburg-schwarzwald.de\/blog\/engagement\/zukunft\/demokratie\/\">demokratische<\/a> Verfassung dem B\u00fcrger die Aus\u00fcbung von Menschen- und Freiheitsrechten garantiert, gibt Heimat &#8211; angestammte Heimat wie Wahlheimat. Als\u00a0Joachim Gauck Bundespr\u00e4sident wurde, verspottete man ihn, weil er so oft und auch in seiner Antrittsrede von &#8222;Freiheit, Freiheit, Freiheit&#8220; sprach. Seyran Ates<br \/>\nverteidigt Gauck: &#8222;Kritiker einer solchen Haltung sollten sich fragen, warum sie selbst in Deutschland leben und warum so viele Menschen nach Deutschland ziehen und hier leben wollen&#8220;. Sie weist gerade den Deutschen mit Migrationshintergrund eine wichtige Rolle zu, da gerade sie andere unfreie politische Systeme kennengelernt haben und die Freiheitsrechte hier zu sch\u00e4tzen wissen.<br \/>\n10.3.2013<\/p>\n<p>\u00a0<strong>Die Patriotin<\/strong><br \/>\n&#8230; Warum also habe ich meinen t\u00fcrkischen Pass zur\u00fcckgegeben? In der T\u00fcrkei w\u00e4re ich nie so sicher als B\u00fcrgerin wie in Deutschland. Ich traf also eine Entscheidung f\u00fcr eine politische Heimat. Weil ich in diesem Land ein kritischer Geist, eine unbequeme Person, eine streitbare Juristin, vehemente Frauenrechtlerin und Feministin sein darf, ohne mit der Angst zu leben, nach einem Artikel, einem Interview oder einer Buchver\u00f6ffentlichung von Sicherheitsbeamten einer Beh\u00f6rde abgeholt zu werden, um dann jahrelang in Untersuchungshaft zu sitzen, weil ich angeblich den Staat beleidigt habe. Genau das geschieht Menschen in der T\u00fcrkei. Der eine Staat sperrt seine Intellektuellen ein. Der andere sch\u00fctzt sie. Den Ansto\u00df f\u00fcr meine Entscheidung gab mir ein Vorfall im Oktober 2011. Ich wollte zu einer Konferenz muslimischer Frauen nach Istanbul reisen. Das LKA wollte mich begleiten. Denn ich sollte dort \u00fcber den Islam und Sexualit\u00e4t sprechen. Nach dem Erscheinen meines Buches &#8222;Der Islam braucht eine sexuelle Revolution&#8220; (was ich immer noch glaube), erhielt ich aus der T\u00fcrkei Morddrohungen. Gern h\u00e4tte das LKA mich daher begleitet und gesch\u00fctzt, aber die Beamten durften nicht mit Waffen einreisen. Begr\u00fcndung: Ich h\u00e4tte die t\u00fcrkische Staatsb\u00fcrgerschaft, die T\u00fcrkei sei f\u00fcr mich verantwortlich. Ich nahm dann nicht an der Konferenz teil. Die doppelte Staatsangeh\u00f6rigkeit wurde f\u00fcr mich vom Segen zum Fluch. &#8230;.<br \/>\nAlles von Seyran Ates vom 10.3.2013 bitte lesen auf<br \/>\n<a href=\"https:\/\/www.welt.de\/print\/wams\/debatte\/article114295633\/Die-Patriotin.html\">www.welt.de\/print\/wams\/debatte\/article114295633\/Die-Patriotin.html<\/a><\/p>\n","protected":false},"excerpt":{"rendered":"<p>&#8218;Heimat ist dort, wo ich geboren bin&#8216; &#8211; sch\u00f6n, wer das sagen kann. Doch dieser eng an Herkunft, Geburtsort, Vater-land und Muttersprache orientierte Begriff der\u00a0Heimat ist im Wandel befindlich,\u00a0die Globalisierung l\u00f6st die Grenzen zwischen Heimat und Fremde auf. &#8218;Heimat ist &hellip; <a href=\"https:\/\/www.freiburg-schwarzwald.de\/blog\/doppelte-staatsbuergerschaft\/\">Weiterlesen <span class=\"meta-nav\">&rarr;<\/span><\/a><\/p>\n","protected":false},"author":4,"featured_media":0,"comment_status":"open","ping_status":"closed","sticky":false,"template":"","format":"standard","meta":{"footnotes":""},"categories":[1],"tags":[],"class_list":["post-24299","post","type-post","status-publish","format-standard","hentry","category-allgemein"],"_links":{"self":[{"href":"https:\/\/www.freiburg-schwarzwald.de\/blog\/wp-json\/wp\/v2\/posts\/24299","targetHints":{"allow":["GET"]}}],"collection":[{"href":"https:\/\/www.freiburg-schwarzwald.de\/blog\/wp-json\/wp\/v2\/posts"}],"about":[{"href":"https:\/\/www.freiburg-schwarzwald.de\/blog\/wp-json\/wp\/v2\/types\/post"}],"author":[{"embeddable":true,"href":"https:\/\/www.freiburg-schwarzwald.de\/blog\/wp-json\/wp\/v2\/users\/4"}],"replies":[{"embeddable":true,"href":"https:\/\/www.freiburg-schwarzwald.de\/blog\/wp-json\/wp\/v2\/comments?post=24299"}],"version-history":[{"count":0,"href":"https:\/\/www.freiburg-schwarzwald.de\/blog\/wp-json\/wp\/v2\/posts\/24299\/revisions"}],"wp:attachment":[{"href":"https:\/\/www.freiburg-schwarzwald.de\/blog\/wp-json\/wp\/v2\/media?parent=24299"}],"wp:term":[{"taxonomy":"category","embeddable":true,"href":"https:\/\/www.freiburg-schwarzwald.de\/blog\/wp-json\/wp\/v2\/categories?post=24299"},{"taxonomy":"post_tag","embeddable":true,"href":"https:\/\/www.freiburg-schwarzwald.de\/blog\/wp-json\/wp\/v2\/tags?post=24299"}],"curies":[{"name":"wp","href":"https:\/\/api.w.org\/{rel}","templated":true}]}}