{"id":24280,"date":"2013-03-10T20:27:54","date_gmt":"2013-03-10T19:27:54","guid":{"rendered":"https:\/\/www.freiburg-schwarzwald.de\/blog\/?p=24280"},"modified":"2013-03-10T20:28:11","modified_gmt":"2013-03-10T19:28:11","slug":"mahnwache-1-million-kerzen","status":"publish","type":"post","link":"https:\/\/www.freiburg-schwarzwald.de\/blog\/mahnwache-1-million-kerzen\/","title":{"rendered":"Mahnwache &#8211; 1 Million Kerzen"},"content":{"rendered":"<p>Das Alter der Menschheit wird auf 1 Million Jahre gesch\u00e4tzt. F\u00fcr ein <a title=\"AKW\" href=\"https:\/\/www.freiburg-schwarzwald.de\/blog\/energie\/akw\/\">atomares Endlager<\/a>\u00a0wird deshalb <a title=\"Zukunft\" href=\"https:\/\/www.freiburg-schwarzwald.de\/blog\/engagement\/zukunft\/\">1 Million Jahre Sicherheit<\/a>\u00a0gefordert. 2012 hat die Mahnwache zum 1. Jahr nach Fukushima am <a title=\"Augustinermuseum\" href=\"https:\/\/www.freiburg-schwarzwald.de\/blog\/kultur\/museum\/augustinermuseum\/\">Augustinerplatz<\/a> in Freiburg die Million mit 1000 Teelichtern und 1000 Grablichten veranschaulicht. In diesem Jahr am 10.\/11.3.2013\u00a0soll dies metrisch dargestellt werden: 1 Jahr f\u00fcr einen Millimeter, 1 Million Jahre f\u00fcr einen Kilometer, <!--more-->dieser km soll als Weg in Zick-Zack Linien ausgelegt und somit auch begehbar sein. Unterm Zeltdach spielte das Kinder- und Jugendorchester der Geigenlehrerin Regine Kilian. Die Worte zu Schweigeminute von Michael Ernst machten schon nachdenlich. Und auch zum Nachdenken: Eine Japanerin aus Kobe, die zuf\u00e4llig vobei kam,\u00a0war so ger\u00fchrt, dass Tr\u00e4nen flossen.<\/p>\n<p>Mahnwache zum 2. Jahrestag d\u00e9r atomaren Katastrophe von Fukushima<br \/>\nSonntag 10.3.2013 um 10 Uhr &#8211; 22 Uhr auf dem Augustinerplatz Freiburg<br \/>\nSchweigeminute zu jeder vollen Stunde<br \/>\nMontag 11.3.2013: Lasst Kerzen brennen! Zuhause, im B\u00fcro, in den Kirchen, auf dem Balkon &#8211; \u00fcberall!<\/p>\n<p><a href=\"https:\/\/www.1-million-kerzen.de\">www.1-million-kerzen.de<\/a><br \/>\nc\/o Michael Ernst, <a href=\"mailto:info@1-million-kerzen.de\">info@1-million-kerzen.de<\/a>\u00a0<\/p>\n<p>&nbsp;<\/p>\n<p><a href=\"https:\/\/www.freiburg-schwarzwald.de\/blog\/mahnwache-1-million-kerzen\/mahnwache0fukushima130310\/\" rel=\"attachment wp-att-24284\"><img loading=\"lazy\" decoding=\"async\" title=\"mahnwache0fukushima130310\" src=\"https:\/\/www.freiburg-schwarzwald.de\/blog\/wp-content\/uploads\/2013\/03\/mahnwache0fukushima130310-135x180.jpg\" alt=\"\" width=\"135\" height=\"180\" \/><\/a>\u00a0\u00a0\u00a0\u00a0\u00a0\u00a0\u00a0\u00a0\u00a0\u00a0\u00a0\u00a0\u00a0\u00a0 \u00a0\u00a0\u00a0\u00a0\u00a0\u00a0 <a href=\"https:\/\/www.freiburg-schwarzwald.de\/blog\/mahnwache-1-million-kerzen\/mahnwache7fukushima130310\/\" rel=\"attachment wp-att-24285\"><img loading=\"lazy\" decoding=\"async\" class=\"alignnone size-thumbnail wp-image-24285\" title=\"mahnwache7fukushima130310\" src=\"https:\/\/www.freiburg-schwarzwald.de\/blog\/wp-content\/uploads\/2013\/03\/mahnwache7fukushima130310-180x135.jpg\" alt=\"\" width=\"180\" height=\"135\" srcset=\"https:\/\/www.freiburg-schwarzwald.de\/blog\/wp-content\/uploads\/2013\/03\/mahnwache7fukushima130310-180x135.jpg 180w, https:\/\/www.freiburg-schwarzwald.de\/blog\/wp-content\/uploads\/2013\/03\/mahnwache7fukushima130310.jpg 640w\" sizes=\"auto, (max-width: 180px) 100vw, 180px\" \/><\/a>\u00a0\u00a0\u00a0\u00a0\u00a0\u00a0\u00a0\u00a0\u00a0 <a href=\"https:\/\/www.freiburg-schwarzwald.de\/blog\/mahnwache-1-million-kerzen\/mahnwache1fukushima130310\/\" rel=\"attachment wp-att-24286\"><img loading=\"lazy\" decoding=\"async\" class=\"alignnone size-thumbnail wp-image-24286\" title=\"mahnwache1fukushima130310\" src=\"https:\/\/www.freiburg-schwarzwald.de\/blog\/wp-content\/uploads\/2013\/03\/mahnwache1fukushima130310-135x180.jpg\" alt=\"\" width=\"135\" height=\"180\" srcset=\"https:\/\/www.freiburg-schwarzwald.de\/blog\/wp-content\/uploads\/2013\/03\/mahnwache1fukushima130310-135x180.jpg 135w, https:\/\/www.freiburg-schwarzwald.de\/blog\/wp-content\/uploads\/2013\/03\/mahnwache1fukushima130310.jpg 480w\" sizes=\"auto, (max-width: 135px) 100vw, 135px\" \/><\/a><br \/>\n(1) 1 Jahr = 1 Millimeter\u00a0\u00a0\u00a0\u00a0\u00a0\u00a0\u00a0\u00a0\u00a0\u00a0\u00a0\u00a0\u00a0\u00a0\u00a0\u00a0\u00a0\u00a0\u00a0 \u00a0\u00a0\u00a0 (2) Augustinerplatz 10.3.2013\u00a0\u00a0\u00a0\u00a0\u00a0\u00a0\u00a0\u00a0\u00a0\u00a0\u00a0\u00a0\u00a0\u00a0\u00a0 (3) Schweigeminute 16 Uhr<\/p>\n<p><a href=\"https:\/\/www.freiburg-schwarzwald.de\/blog\/mahnwache-1-million-kerzen\/mahnwache2fukushima130310\/\" rel=\"attachment wp-att-24287\"><img loading=\"lazy\" decoding=\"async\" class=\"alignnone size-thumbnail wp-image-24287\" title=\"mahnwache2fukushima130310\" src=\"https:\/\/www.freiburg-schwarzwald.de\/blog\/wp-content\/uploads\/2013\/03\/mahnwache2fukushima130310-180x135.jpg\" alt=\"\" width=\"180\" height=\"135\" srcset=\"https:\/\/www.freiburg-schwarzwald.de\/blog\/wp-content\/uploads\/2013\/03\/mahnwache2fukushima130310-180x135.jpg 180w, https:\/\/www.freiburg-schwarzwald.de\/blog\/wp-content\/uploads\/2013\/03\/mahnwache2fukushima130310.jpg 640w\" sizes=\"auto, (max-width: 180px) 100vw, 180px\" \/><\/a>\u00a0\u00a0\u00a0\u00a0\u00a0\u00a0\u00a0\u00a0<a href=\"https:\/\/www.freiburg-schwarzwald.de\/blog\/mahnwache-1-million-kerzen\/mahnwache4fukushima130310\/\" rel=\"attachment wp-att-24289\"><img loading=\"lazy\" decoding=\"async\" class=\"alignnone size-thumbnail wp-image-24289\" title=\"mahnwache4fukushima130310\" src=\"https:\/\/www.freiburg-schwarzwald.de\/blog\/wp-content\/uploads\/2013\/03\/mahnwache4fukushima130310-180x135.jpg\" alt=\"\" width=\"180\" height=\"135\" srcset=\"https:\/\/www.freiburg-schwarzwald.de\/blog\/wp-content\/uploads\/2013\/03\/mahnwache4fukushima130310-180x135.jpg 180w, https:\/\/www.freiburg-schwarzwald.de\/blog\/wp-content\/uploads\/2013\/03\/mahnwache4fukushima130310.jpg 640w\" sizes=\"auto, (max-width: 180px) 100vw, 180px\" \/><\/a>\u00a0\u00a0\u00a0\u00a0\u00a0\u00a0\u00a0\u00a0\u00a0 <a href=\"https:\/\/www.freiburg-schwarzwald.de\/blog\/mahnwache-1-million-kerzen\/mahnwache5fukushima130310\/\" rel=\"attachment wp-att-24290\"><img loading=\"lazy\" decoding=\"async\" class=\"alignnone size-thumbnail wp-image-24290\" title=\"mahnwache5fukushima130310\" src=\"https:\/\/www.freiburg-schwarzwald.de\/blog\/wp-content\/uploads\/2013\/03\/mahnwache5fukushima130310-180x135.jpg\" alt=\"\" width=\"180\" height=\"135\" srcset=\"https:\/\/www.freiburg-schwarzwald.de\/blog\/wp-content\/uploads\/2013\/03\/mahnwache5fukushima130310-180x135.jpg 180w, https:\/\/www.freiburg-schwarzwald.de\/blog\/wp-content\/uploads\/2013\/03\/mahnwache5fukushima130310.jpg 640w\" sizes=\"auto, (max-width: 180px) 100vw, 180px\" \/><\/a><br \/>\n(4) \u00a0Jugendorchester von Regine Kilian<\/p>\n<p>\u00a0<a href=\"https:\/\/www.freiburg-schwarzwald.de\/blog\/mahnwache-1-million-kerzen\/mahnwache3fukushima130310\/\" rel=\"attachment wp-att-24288\"><img loading=\"lazy\" decoding=\"async\" class=\"alignnone size-thumbnail wp-image-24288\" title=\"mahnwache3fukushima130310\" src=\"https:\/\/www.freiburg-schwarzwald.de\/blog\/wp-content\/uploads\/2013\/03\/mahnwache3fukushima130310-180x135.jpg\" alt=\"\" width=\"180\" height=\"135\" srcset=\"https:\/\/www.freiburg-schwarzwald.de\/blog\/wp-content\/uploads\/2013\/03\/mahnwache3fukushima130310-180x135.jpg 180w, https:\/\/www.freiburg-schwarzwald.de\/blog\/wp-content\/uploads\/2013\/03\/mahnwache3fukushima130310.jpg 640w\" sizes=\"auto, (max-width: 180px) 100vw, 180px\" \/><\/a>\u00a0\u00a0\u00a0\u00a0\u00a0\u00a0\u00a0\u00a0\u00a0 <a href=\"https:\/\/www.freiburg-schwarzwald.de\/blog\/mahnwache-1-million-kerzen\/mahnwache6fukushima130310\/\" rel=\"attachment wp-att-24291\"><img loading=\"lazy\" decoding=\"async\" class=\"alignnone size-thumbnail wp-image-24291\" title=\"mahnwache6fukushima130310\" src=\"https:\/\/www.freiburg-schwarzwald.de\/blog\/wp-content\/uploads\/2013\/03\/mahnwache6fukushima130310-180x135.jpg\" alt=\"\" width=\"180\" height=\"135\" srcset=\"https:\/\/www.freiburg-schwarzwald.de\/blog\/wp-content\/uploads\/2013\/03\/mahnwache6fukushima130310-180x135.jpg 180w, https:\/\/www.freiburg-schwarzwald.de\/blog\/wp-content\/uploads\/2013\/03\/mahnwache6fukushima130310.jpg 640w\" sizes=\"auto, (max-width: 180px) 100vw, 180px\" \/><\/a>\u00a0\u00a0\u00a0\u00a0\u00a0\u00a0\u00a0\u00a0\u00a0 <a href=\"https:\/\/www.freiburg-schwarzwald.de\/blog\/mahnwache-1-million-kerzen\/mahnwache8fukushima130310\/\" rel=\"attachment wp-att-24292\"><img loading=\"lazy\" decoding=\"async\" title=\"mahnwache8fukushima130310\" src=\"https:\/\/www.freiburg-schwarzwald.de\/blog\/wp-content\/uploads\/2013\/03\/mahnwache8fukushima130310-135x180.jpg\" alt=\"\" width=\"135\" height=\"180\" \/><\/a><br \/>\n(7) Nein danke!\u00a010.3.2013\u00a0\u00a0 \u00a0\u00a0\u00a0\u00a0\u00a0\u00a0\u00a0\u00a0\u00a0\u00a0\u00a0\u00a0\u00a0\u00a0\u00a0\u00a0\u00a0\u00a0\u00a0 (8) 1000 Jahre = 1 Meter\u00a0\u00a0\u00a0\u00a0\u00a0\u00a0\u00a0\u00a0\u00a0\u00a0\u00a0\u00a0\u00a0\u00a0\u00a0\u00a0\u00a0\u00a0\u00a0\u00a0\u00a0\u00a0\u00a0\u00a0\u00a0(9) Feuer trotz Regen<\/p>\n<p><a href=\"https:\/\/www.freiburg-schwarzwald.de\/blog\/mahnwache-1-million-kerzen\/mahnwache9fukushima130310\/\" rel=\"attachment wp-att-24293\"><img loading=\"lazy\" decoding=\"async\" class=\"alignnone size-thumbnail wp-image-24293\" title=\"mahnwache9fukushima130310\" src=\"https:\/\/www.freiburg-schwarzwald.de\/blog\/wp-content\/uploads\/2013\/03\/mahnwache9fukushima130310-135x180.jpg\" alt=\"\" width=\"135\" height=\"180\" srcset=\"https:\/\/www.freiburg-schwarzwald.de\/blog\/wp-content\/uploads\/2013\/03\/mahnwache9fukushima130310-135x180.jpg 135w, https:\/\/www.freiburg-schwarzwald.de\/blog\/wp-content\/uploads\/2013\/03\/mahnwache9fukushima130310.jpg 480w\" sizes=\"auto, (max-width: 135px) 100vw, 135px\" \/><\/a>\u00a0\u00a0\u00a0\u00a0\u00a0\u00a0\u00a0\u00a0\u00a0\u00a0\u00a0\u00a0\u00a0\u00a0\u00a0\u00a0\u00a0\u00a0\u00a0\u00a0\u00a0 \u00a0\u00a0\u00a0 <a href=\"https:\/\/www.freiburg-schwarzwald.de\/blog\/mahnwache-1-million-kerzen\/mahnwache10fukushima130310\/\" rel=\"attachment wp-att-24294\"><img loading=\"lazy\" decoding=\"async\" class=\"alignnone size-thumbnail wp-image-24294\" title=\"mahnwache10fukushima130310\" src=\"https:\/\/www.freiburg-schwarzwald.de\/blog\/wp-content\/uploads\/2013\/03\/mahnwache10fukushima130310-180x135.jpg\" alt=\"\" width=\"180\" height=\"135\" srcset=\"https:\/\/www.freiburg-schwarzwald.de\/blog\/wp-content\/uploads\/2013\/03\/mahnwache10fukushima130310-180x135.jpg 180w, https:\/\/www.freiburg-schwarzwald.de\/blog\/wp-content\/uploads\/2013\/03\/mahnwache10fukushima130310.jpg 640w\" sizes=\"auto, (max-width: 180px) 100vw, 180px\" \/><\/a><br \/>\n(10) Japanerin aus Kobe\u00a0\u00a0\u00a0\u00a0\u00a0\u00a0\u00a0\u00a0\u00a0\u00a0\u00a0\u00a0\u00a0\u00a0\u00a0\u00a0\u00a0\u00a0\u00a0\u00a0\u00a0\u00a0\u00a0\u00a0 \u00a0(11) Lasst Kerzen brennen!<\/p>\n<p>&nbsp;<\/p>\n<p>&nbsp;<\/p>\n<p>&nbsp;<\/p>\n<p align=\"left\"><strong>Was bleibt &#8211; Zur 1. Mahnwache Fukushima am\u00a011.3.2012<\/strong><br \/>\nIn den Gespr\u00e4chen war es f\u00fcr viele eine erschreckende Erkenntnis zu realisieren, dass f\u00fcr unsere Zeitrechnung &#8211; 2000 n. Chr. &#8211; nur 2 Grablichter stehen. Die 998 anderen Lichter riefen Best\u00fcrzung, Wut, Ohnmacht hervor. &#8222;Wer kann so etwas verantworten?&#8220; war eine h\u00e4ufige Frage. Belastung der Natur &#8211; Belastung der Menschheit &#8211; &#8222;billige&#8220; Atomenergie &#8211; was kostet sie wirklich? Viele Gedanken und Fragen wurden in den Gespr\u00e4chen bewegt:<br \/>\n&#8211; Atomm\u00fcll-Lager: diese Orte darf die Menschheit nie vergessen.<br \/>\n&#8211; Wir d\u00fcrfen die t\u00f6dliche Bedrohung und die bereits angerichteten Katastrophen nie vergessen.<br \/>\n&#8211; Sollen wir die Mahnwache im n\u00e4chsten Jahr wiederholen?<br \/>\n&#8211; Vielleicht auch erweitern, z.B. in der Weise, dass man Kerzen auf dem Balkon oder auf dem Fenster aufstellt&#8230;<br \/>\n&#8211; eine Kerze aufstellen, die das ganze Jahr an einem \u00f6ffentlichen Platz mahnt und von Freiwilligen gepflegt wird?<br \/>\n&#8211; Jugendliche zu begeistern, z.B. Lieder zu schreiben f\u00fcr einen Protestsong-Wettbewerb, evtl. sogar ein Theaterst\u00fcck!<br \/>\n&#8211; evtl. von den Katastrophen betroffene Menschen einladen&#8230;<br \/>\nM\u00e4rz 2012, Lena-Marie und Michael Ernst, Wolfgang Brozio, <a href=\"https:\/\/www.1-million-kerzen.de\">www.1-million-kerzen.de<\/a><\/p>\n<p align=\"left\"><span style=\"font-family: TimesNewRoman;\"><span style=\"font-family: TimesNewRomanPSMT;\">,<\/span><\/span><\/p>\n","protected":false},"excerpt":{"rendered":"<p>Das Alter der Menschheit wird auf 1 Million Jahre gesch\u00e4tzt. F\u00fcr ein atomares Endlager\u00a0wird deshalb 1 Million Jahre Sicherheit\u00a0gefordert. 2012 hat die Mahnwache zum 1. Jahr nach Fukushima am Augustinerplatz in Freiburg die Million mit 1000 Teelichtern und 1000 Grablichten &hellip; <a href=\"https:\/\/www.freiburg-schwarzwald.de\/blog\/mahnwache-1-million-kerzen\/\">Weiterlesen <span class=\"meta-nav\">&rarr;<\/span><\/a><\/p>\n","protected":false},"author":4,"featured_media":0,"comment_status":"open","ping_status":"closed","sticky":false,"template":"","format":"standard","meta":{"footnotes":""},"categories":[164,157,172],"tags":[163,325,520],"class_list":["post-24280","post","type-post","status-publish","format-standard","hentry","category-akw","category-oeffentlicher-raum","category-zukunft","tag-atomkraft","tag-demo","tag-frieden"],"_links":{"self":[{"href":"https:\/\/www.freiburg-schwarzwald.de\/blog\/wp-json\/wp\/v2\/posts\/24280","targetHints":{"allow":["GET"]}}],"collection":[{"href":"https:\/\/www.freiburg-schwarzwald.de\/blog\/wp-json\/wp\/v2\/posts"}],"about":[{"href":"https:\/\/www.freiburg-schwarzwald.de\/blog\/wp-json\/wp\/v2\/types\/post"}],"author":[{"embeddable":true,"href":"https:\/\/www.freiburg-schwarzwald.de\/blog\/wp-json\/wp\/v2\/users\/4"}],"replies":[{"embeddable":true,"href":"https:\/\/www.freiburg-schwarzwald.de\/blog\/wp-json\/wp\/v2\/comments?post=24280"}],"version-history":[{"count":0,"href":"https:\/\/www.freiburg-schwarzwald.de\/blog\/wp-json\/wp\/v2\/posts\/24280\/revisions"}],"wp:attachment":[{"href":"https:\/\/www.freiburg-schwarzwald.de\/blog\/wp-json\/wp\/v2\/media?parent=24280"}],"wp:term":[{"taxonomy":"category","embeddable":true,"href":"https:\/\/www.freiburg-schwarzwald.de\/blog\/wp-json\/wp\/v2\/categories?post=24280"},{"taxonomy":"post_tag","embeddable":true,"href":"https:\/\/www.freiburg-schwarzwald.de\/blog\/wp-json\/wp\/v2\/tags?post=24280"}],"curies":[{"name":"wp","href":"https:\/\/api.w.org\/{rel}","templated":true}]}}