{"id":23908,"date":"2013-02-20T16:07:49","date_gmt":"2013-02-20T15:07:49","guid":{"rendered":"https:\/\/www.freiburg-schwarzwald.de\/blog\/?p=23908"},"modified":"2013-03-07T16:10:19","modified_gmt":"2013-03-07T15:10:19","slug":"tel-aviv-freundschaft-gedeiht","status":"publish","type":"post","link":"https:\/\/www.freiburg-schwarzwald.de\/blog\/tel-aviv-freundschaft-gedeiht\/","title":{"rendered":"Tel Aviv &#8211; Freundschaft gedeiht"},"content":{"rendered":"<p>Viele Freiburger Gemeinder\u00e4te hoffen weite, dass aus dem guten Miteinander am Ende eine <a title=\"Twintowns\" href=\"https:\/\/www.freiburg-schwarzwald.de\/blog\/global\/twintowns\/\">St\u00e4dtepartnerschaft<\/a> wird. Auf f\u00fcnf DIN-A4-Seiten hat die Stadtverwaltung f\u00fcr die Gemeinder\u00e4te die vielen Projekte und Kontakte zwischen den befreundeten St\u00e4dten <a title=\"TelAviv\" href=\"https:\/\/www.freiburg-schwarzwald.de\/blog\/global\/twintowns\/telaviv\/\">Tel Aviv <\/a>und Freiburg aufgelistet. Das Miteinander floriert, besser als bei mancher offiziell besiegelten St\u00e4dtepartnerschaft. Dies w\u00fcrdigte <!--more-->auch Oberb\u00fcrgermeister Dieter Salomon: &#8222;Es k\u00f6nnte nicht f\u00fcr alle unserer neun Partnerst\u00e4dte eine solche Bilanz vorgelegt werden.&#8220; Im Gemeinderat bleibt weiter die Hoffnung, dass &#8222;wir noch an die Partnerschaftst\u00fcre klopfen k\u00f6nnen&#8220;, wie es SPD-R\u00e4tin Renate Buchen formulierte.<br \/>\nIm vergangenen Herbst haben Freiburg und Tel Aviv in der israelischen Stadt ein &#8222;Memorandum of Understanding&#8220; unterzeichnet: &#8222;Das war ein ber\u00fchrender Moment&#8220;, schilderten gestern im Gemeinderat OB Salomon und auch die Stadtr\u00e4te, die mit damals mit dabei waren, ihre Eindr\u00fccke. Offiziell handelt es sich &#8222;nur&#8220; um eine St\u00e4dtefreundschaft. Aber Freiburg werde von Tel Aviv wie eine Partnerstadt behandelt \u2013 auch ohne Urkunde, so Salomon: &#8222;Unser Werben war hartn\u00e4ckig, es wurde erh\u00f6rt.&#8220; Tel Aviv ist eher an Kontakten und konkreten Projekten interessiert. Die Stadt hat bereits 29 Partnerst\u00e4dte, darunter allein vier aus Deutschland.<img loading=\"lazy\" decoding=\"async\" src=\"https:\/\/lh5.googleusercontent.com\/hNeTLKhTjljJGc2Q0xuOmqU5Uw6mswVrZphqDlPZfxLR1LZidiBcnBp2zn60j_ZAWfy87EYAu8-PBI0rRL5SBnrc2ECL6Cmm09GyQV9XslRZxtixz9mLW2hjLHscDxSRxw\" alt=\"\" width=\"1\" height=\"1\" \/><br \/>\nDie Zusammenarbeit mit Freiburg l\u00e4uft zwischen den Verwaltungen und auf der Ebene von Experten in Sachen Nachhaltigkeit. Es gibt Sch\u00fcleraustausch und eine Zusammenarbeit auf kultureller Ebene. Das Theater Freiburg hat mehrere Kooperationsprojekte gestartet. Irene Vogel von den Unabh\u00e4ngigen Listen hat beantragt, dass auch das Thema Integration auf die Liste genommen wird: &#8222;Freiburg kann von der Multikulti- und Einwandererstadt Tel Aviv viel lernen&#8220;, so Vogel.<br \/>\nDie Vorsitzenden der j\u00fcdischen Gemeinde, Irina Katz, und des Freundeskreis Tel Aviv, Johannes Reiner, verfolgten die Debatte gestern Abend von der Zuh\u00f6rerempore. SPD-Fraktionschefin Renate Buchen, zugleich Vizevorsitzende des Freundeskreises, meinte: &#8222;Was zwischen Tel Aviv und Freiburg l\u00e4uft, h\u00e4tte woanders l\u00e4ngst zu einer offiziellen Partnerschaft gereicht.&#8220; F\u00fcr sie ist klar, dass Freiburg die Partnerschaft als Ziel weiter im Auge fest behalten m\u00fcsse. Man wolle den Weg weitergehen, sagt auch der OB: &#8222;Entscheidend aber ist, was zwischen den B\u00fcrgern beider St\u00e4dte passiert.&#8220;<br \/>\n20.2.2013, Joachim R\u00f6derer &#8211; Plazet \u00fcber Johannes Reiner<\/p>\n","protected":false},"excerpt":{"rendered":"<p>Viele Freiburger Gemeinder\u00e4te hoffen weite, dass aus dem guten Miteinander am Ende eine St\u00e4dtepartnerschaft wird. Auf f\u00fcnf DIN-A4-Seiten hat die Stadtverwaltung f\u00fcr die Gemeinder\u00e4te die vielen Projekte und Kontakte zwischen den befreundeten St\u00e4dten Tel Aviv und Freiburg aufgelistet. Das Miteinander &hellip; <a href=\"https:\/\/www.freiburg-schwarzwald.de\/blog\/tel-aviv-freundschaft-gedeiht\/\">Weiterlesen <span class=\"meta-nav\">&rarr;<\/span><\/a><\/p>\n","protected":false},"author":4,"featured_media":0,"comment_status":"open","ping_status":"closed","sticky":false,"template":"","format":"standard","meta":{"footnotes":""},"categories":[49,14,356,165],"tags":[84,420,166],"class_list":["post-23908","post","type-post","status-publish","format-standard","hentry","category-freiburg","category-global","category-partnerschaft","category-twintowns","tag-israel","tag-juden","tag-staedtepartnerschaft"],"_links":{"self":[{"href":"https:\/\/www.freiburg-schwarzwald.de\/blog\/wp-json\/wp\/v2\/posts\/23908","targetHints":{"allow":["GET"]}}],"collection":[{"href":"https:\/\/www.freiburg-schwarzwald.de\/blog\/wp-json\/wp\/v2\/posts"}],"about":[{"href":"https:\/\/www.freiburg-schwarzwald.de\/blog\/wp-json\/wp\/v2\/types\/post"}],"author":[{"embeddable":true,"href":"https:\/\/www.freiburg-schwarzwald.de\/blog\/wp-json\/wp\/v2\/users\/4"}],"replies":[{"embeddable":true,"href":"https:\/\/www.freiburg-schwarzwald.de\/blog\/wp-json\/wp\/v2\/comments?post=23908"}],"version-history":[{"count":0,"href":"https:\/\/www.freiburg-schwarzwald.de\/blog\/wp-json\/wp\/v2\/posts\/23908\/revisions"}],"wp:attachment":[{"href":"https:\/\/www.freiburg-schwarzwald.de\/blog\/wp-json\/wp\/v2\/media?parent=23908"}],"wp:term":[{"taxonomy":"category","embeddable":true,"href":"https:\/\/www.freiburg-schwarzwald.de\/blog\/wp-json\/wp\/v2\/categories?post=23908"},{"taxonomy":"post_tag","embeddable":true,"href":"https:\/\/www.freiburg-schwarzwald.de\/blog\/wp-json\/wp\/v2\/tags?post=23908"}],"curies":[{"name":"wp","href":"https:\/\/api.w.org\/{rel}","templated":true}]}}