{"id":23886,"date":"2013-03-07T10:28:14","date_gmt":"2013-03-07T09:28:14","guid":{"rendered":"https:\/\/www.freiburg-schwarzwald.de\/blog\/?p=23886"},"modified":"2013-03-07T10:28:44","modified_gmt":"2013-03-07T09:28:44","slug":"ews-schoenau-netzkosten","status":"publish","type":"post","link":"https:\/\/www.freiburg-schwarzwald.de\/blog\/ews-schoenau-netzkosten\/","title":{"rendered":"EWS Schoenau &#8211; Netzkosten"},"content":{"rendered":"<p>Als einer der ersten Energieversorger haben sich die <a title=\"EWS-Schoenau\" href=\"https:\/\/www.freiburg-schwarzwald.de\/blog\/energie\/strom\/ews-schoenau\/\">Elektrizit\u00e4tswerke Sch\u00f6nau<\/a>\u00a0juristisch gegen die Befreiung <a title=\"Strom\" href=\"https:\/\/www.freiburg-schwarzwald.de\/blog\/energie\/strom\/\">strom<\/a>-energieintensiver Unternehmen von den Netzkosten gewehrt. Nun kippte das Oberlandesgericht D\u00fcsseldorf die Netzentgeltbefreiung als rechtlich nicht zul\u00e4ssig und hob die entsprechenden Ausf\u00fchrungsbestimmungen der Bundesnetzagentur auf.\u00a0Der Bundestag hatte 2011 in einer Verordnung beschlossen, dass sich stromintensive Unternehmen unter gewissen Voraussetzungen von den Netzentgelten<!--more--> vollst\u00e4ndig befreien lassen k\u00f6nnen. Diese Netzkosten werden bisher bei den \u00fcbrigen Stromkunden als zus\u00e4tzliche Umlage auf den Strompreis aufgeschlagen. Dies hatte zu gro\u00dfem Unmut bei den Stromkunden gef\u00fchrt und die Elektrizit\u00e4tswerke Sch\u00f6nau veranlasst, beim Oberlandesgericht D\u00fcsseldorf Beschwerde einzulegen.\u00a0<br \/>\nDie Entscheidung des OLG D\u00fcsseldorf wird noch verst\u00e4rkt durch die heutige Meldung der EU-Kommission in Br\u00fcssel, die f\u00fcr den B\u00fcrger teure Befreiung von Netzentgelten stromintensiver Betriebe auf den Pr\u00fcfstand zu stellen, da es sich hier um unerlaubte Beihilfen f\u00fcr die Industrie handele.\u00a0\u201eDie EWS freuen sich&#8220;, so Ursula Sladek, \u201edass unsere Einw\u00e4nde gegen die rechtliche Zul\u00e4ssigkeit der sogenannten \u00a7 19 Umlage&#8220; best\u00e4tigt wurden. Dies f\u00fchrt nicht nur zu einer gerechteren Kostenverteilung der Energieversorgung, sondern hat auch direkte \u00f6kologische Folgen: Industrieunternehmen werden nicht mehr ermutigt, extra viel Strom zu verbrauchen, um dadurch in den Genuss einer Netzentgeltbefreiung zu kommen&#8220;.\u00a0<br \/>\nUrsula Sladek, Vorstand Netzkauf EWS eG, <a href=\"mailto:u.sladek@ews-schoenau.de\">u.sladek@ews-schoenau.de<\/a><\/p>\n","protected":false},"excerpt":{"rendered":"<p>Als einer der ersten Energieversorger haben sich die Elektrizit\u00e4tswerke Sch\u00f6nau\u00a0juristisch gegen die Befreiung strom-energieintensiver Unternehmen von den Netzkosten gewehrt. Nun kippte das Oberlandesgericht D\u00fcsseldorf die Netzentgeltbefreiung als rechtlich nicht zul\u00e4ssig und hob die entsprechenden Ausf\u00fchrungsbestimmungen der Bundesnetzagentur auf.\u00a0Der Bundestag hatte &hellip; <a href=\"https:\/\/www.freiburg-schwarzwald.de\/blog\/ews-schoenau-netzkosten\/\">Weiterlesen <span class=\"meta-nav\">&rarr;<\/span><\/a><\/p>\n","protected":false},"author":4,"featured_media":0,"comment_status":"open","ping_status":"closed","sticky":false,"template":"","format":"standard","meta":{"footnotes":""},"categories":[132],"tags":[239,151],"class_list":["post-23886","post","type-post","status-publish","format-standard","hentry","category-strom","tag-energiesparen","tag-erneuerbare-energien"],"_links":{"self":[{"href":"https:\/\/www.freiburg-schwarzwald.de\/blog\/wp-json\/wp\/v2\/posts\/23886","targetHints":{"allow":["GET"]}}],"collection":[{"href":"https:\/\/www.freiburg-schwarzwald.de\/blog\/wp-json\/wp\/v2\/posts"}],"about":[{"href":"https:\/\/www.freiburg-schwarzwald.de\/blog\/wp-json\/wp\/v2\/types\/post"}],"author":[{"embeddable":true,"href":"https:\/\/www.freiburg-schwarzwald.de\/blog\/wp-json\/wp\/v2\/users\/4"}],"replies":[{"embeddable":true,"href":"https:\/\/www.freiburg-schwarzwald.de\/blog\/wp-json\/wp\/v2\/comments?post=23886"}],"version-history":[{"count":0,"href":"https:\/\/www.freiburg-schwarzwald.de\/blog\/wp-json\/wp\/v2\/posts\/23886\/revisions"}],"wp:attachment":[{"href":"https:\/\/www.freiburg-schwarzwald.de\/blog\/wp-json\/wp\/v2\/media?parent=23886"}],"wp:term":[{"taxonomy":"category","embeddable":true,"href":"https:\/\/www.freiburg-schwarzwald.de\/blog\/wp-json\/wp\/v2\/categories?post=23886"},{"taxonomy":"post_tag","embeddable":true,"href":"https:\/\/www.freiburg-schwarzwald.de\/blog\/wp-json\/wp\/v2\/tags?post=23886"}],"curies":[{"name":"wp","href":"https:\/\/api.w.org\/{rel}","templated":true}]}}