{"id":23881,"date":"2013-03-06T21:22:17","date_gmt":"2013-03-06T20:22:17","guid":{"rendered":"https:\/\/www.freiburg-schwarzwald.de\/blog\/?p=23881"},"modified":"2013-03-06T21:24:05","modified_gmt":"2013-03-06T20:24:05","slug":"osterferien-grundschul-freizeit","status":"publish","type":"post","link":"https:\/\/www.freiburg-schwarzwald.de\/blog\/osterferien-grundschul-freizeit\/","title":{"rendered":"Osterferien Grundschul-Freizeit"},"content":{"rendered":"<p>Zeit f\u00fcr Abenteuer. Ferienfreizeit f\u00fcr <a title=\"Schulen\" href=\"https:\/\/www.freiburg-schwarzwald.de\/blog\/bildung\/schulen\/\">Grundschulkinder<\/a> in den <a title=\"Ostern\" href=\"https:\/\/www.freiburg-schwarzwald.de\/blog\/religion\/kirchen\/ostern\/\">Oster<\/a>ferien: R\u00e4uberabenteuer, Aktionstage, Ausfl\u00fcge und Entdeckungstouren im <a title=\"Wald\" href=\"https:\/\/www.freiburg-schwarzwald.de\/blog\/natur\/wald\/\">Wald<\/a>: In den Osterferien gibt es wieder spannende Ferienprogramme f\u00fcr Grundschul-kinder, die in Freiburg wohnen oder hier zur Schule gehen. Das Amt f\u00fcr Schule und Bildung bietet gemeinsam mit freien Tr\u00e4gern drei unterschiedliche Projekte an.<!--more--><\/p>\n<p>Osterferienprogramm: Aktionstage, Ausfl\u00fcge, Spiel, Spa\u00df und vieles mehr<br \/>\nDauer: 25. \u2013 28. M\u00e4rz und 2. \u2013 5. April, t\u00e4glich 8 \u2013 17 Uhr<br \/>\nOrt: Kinder- und Jugendzentrum Weingarten<br \/>\nVeranstalter: Diakonieverein S\u00fcdwest<br \/>\nKosten: 60 Euro f\u00fcr vier Tage bzw. 120 Euro f\u00fcr acht Tage (Zuschuss f\u00fcr Sozialleistungsempf\u00e4nger)<br \/>\nAnmeldung: bis Donnerstag, 21. M\u00e4rz, beim Diakonieverein unter Tel. 0761 \/ 482280 oder Mail an <a href=\"mailto:jugi@diakoniesuedwest.de\">jugi@diakoniesuedwest.de<\/a> \u00a0.<\/p>\n<p>Ronja R\u00e4ubertochter: Mit Ronja und Birk auf den Spuren der Rumpelwichte und Graugnome<br \/>\nDauer: 2. \u2013 5. April, t\u00e4glich 8 \u2013 17 Uhr<br \/>\nOrt: Jugendzentrum Z\u00e4hringen, Z\u00e4hringer Wald<br \/>\nVeranstalter: Agentur Cogo im Auftrag des Vereins Freiburger Kinder- und Jugendfreizeiten<br \/>\nKosten: 60 Euro (Zuschuss f\u00fcr Sozialleistungsempf\u00e4nger)<br \/>\nAnmeldung: bis Freitag, 15. M\u00e4rz, bei der Agentur Cogo (Klarastr. 79a), Johannes Evers, Tel. 0761 \/ 5924603 oder<br \/>\nMail an <a href=\"mailto:info@agentur-cogo.de\">info@agentur-cogo.de<\/a> \u00a0oder \u00fcber die Internetseite <a href=\"https:\/\/www.agentur-cogo.de\">www.agentur-cogo.de<\/a>.<\/p>\n<p>Walderleben: Wir entdecken den Lebensraum von Pflanzen und Tieren und erfinden Wald- und Bachspiele<br \/>\nDauer: 2. \u2013 5. April, t\u00e4glich 7.30 \u2013 14 Uhr<br \/>\nOrt und Veranstalter: Waldhaus Freiburg<br \/>\nKosten: 60 Euro (Zuschuss f\u00fcr Sozialleistungsempf\u00e4nger)<br \/>\nAnmeldung: bis Freitag, 15. M\u00e4rz, beim Waldhaus Freiburg (Wonnhaldestr. 6), Tel. 0761 \/ 896 477 \u2013 10 oder per Mail an <a href=\"mailto:info@waldhaus-freiburg.de\">info@waldhaus-freiburg.de<\/a>. Weitere Infos im Internet unter <a href=\"https:\/\/www.waldhaus-freiburg.de\">www.waldhaus-freiburg.de<\/a>\u00a0<\/p>\n<p>F\u00fcr Fragen zu den Angeboten stehen die Veranstalter und Alexandra Schmidt vom Amt f\u00fcr Schule und Bildung unter Tel 0761 \/ 201-2308 zur Verf\u00fcgung. Weitere Ferienangebote sind auf der Internetseite <a href=\"https:\/\/www.infokiosk-freiburg.de\">www.infokiosk-freiburg.de<\/a> unter dem Button \u201eTolle Ferien\u201c zu finden.<br \/>\n6.3.2013<\/p>\n","protected":false},"excerpt":{"rendered":"<p>Zeit f\u00fcr Abenteuer. Ferienfreizeit f\u00fcr Grundschulkinder in den Osterferien: R\u00e4uberabenteuer, Aktionstage, Ausfl\u00fcge und Entdeckungstouren im Wald: In den Osterferien gibt es wieder spannende Ferienprogramme f\u00fcr Grundschul-kinder, die in Freiburg wohnen oder hier zur Schule gehen. Das Amt f\u00fcr Schule und &hellip; <a href=\"https:\/\/www.freiburg-schwarzwald.de\/blog\/osterferien-grundschul-freizeit\/\">Weiterlesen <span class=\"meta-nav\">&rarr;<\/span><\/a><\/p>\n","protected":false},"author":4,"featured_media":0,"comment_status":"open","ping_status":"closed","sticky":false,"template":"","format":"standard","meta":{"footnotes":""},"categories":[400,61,95],"tags":[391,346],"class_list":["post-23881","post","type-post","status-publish","format-standard","hentry","category-freiwillig","category-kinder","category-schulen","tag-freizeit","tag-urlaub"],"_links":{"self":[{"href":"https:\/\/www.freiburg-schwarzwald.de\/blog\/wp-json\/wp\/v2\/posts\/23881","targetHints":{"allow":["GET"]}}],"collection":[{"href":"https:\/\/www.freiburg-schwarzwald.de\/blog\/wp-json\/wp\/v2\/posts"}],"about":[{"href":"https:\/\/www.freiburg-schwarzwald.de\/blog\/wp-json\/wp\/v2\/types\/post"}],"author":[{"embeddable":true,"href":"https:\/\/www.freiburg-schwarzwald.de\/blog\/wp-json\/wp\/v2\/users\/4"}],"replies":[{"embeddable":true,"href":"https:\/\/www.freiburg-schwarzwald.de\/blog\/wp-json\/wp\/v2\/comments?post=23881"}],"version-history":[{"count":0,"href":"https:\/\/www.freiburg-schwarzwald.de\/blog\/wp-json\/wp\/v2\/posts\/23881\/revisions"}],"wp:attachment":[{"href":"https:\/\/www.freiburg-schwarzwald.de\/blog\/wp-json\/wp\/v2\/media?parent=23881"}],"wp:term":[{"taxonomy":"category","embeddable":true,"href":"https:\/\/www.freiburg-schwarzwald.de\/blog\/wp-json\/wp\/v2\/categories?post=23881"},{"taxonomy":"post_tag","embeddable":true,"href":"https:\/\/www.freiburg-schwarzwald.de\/blog\/wp-json\/wp\/v2\/tags?post=23881"}],"curies":[{"name":"wp","href":"https:\/\/api.w.org\/{rel}","templated":true}]}}