{"id":23865,"date":"2013-03-06T21:04:08","date_gmt":"2013-03-06T20:04:08","guid":{"rendered":"https:\/\/www.freiburg-schwarzwald.de\/blog\/?p=23865"},"modified":"2013-03-06T21:08:18","modified_gmt":"2013-03-06T20:08:18","slug":"landfrauenverein-spendet-tafel","status":"publish","type":"post","link":"https:\/\/www.freiburg-schwarzwald.de\/blog\/landfrauenverein-spendet-tafel\/","title":{"rendered":"Landfrauenverein spendet Tafel"},"content":{"rendered":"<p>Die diesj\u00e4hrige Mitgliederversammlung des <a title=\"Landfrauen\" href=\"https:\/\/www.freiburg-schwarzwald.de\/blog\/natur\/landwirt\/landfrauen\/\">Landfrauenvereins<\/a> Kirchzarten-Stegen stand im Zeichen der Neu\u00adwahlen und der <a title=\"Soziales\" href=\"https:\/\/www.freiburg-schwarzwald.de\/blog\/selbsthilfe\/soziales\/\">Spenden\u00fcbergabe<\/a> an die Freiburger Tafel. Die Berichte f\u00fcr das abgelaufene Landfrauenjahr zeigten viele Aktivit\u00e4ten wie Vortr\u00e4ge, Besichtigungen und eine Vier-Tages-Fahrt in den Harz. Zahlreiche Arbeitseins\u00e4tze, Bewirtungen bei Veranstaltungen und f\u00fcr den Weihnachtsmarkt fanden ebenfalls statt. <!--more-->Der Bericht der Rechnerin ergab eine solide Kassenf\u00fchrung. Die Entlastung der Vorstandschaft erfolgte einstimmig. Die nachfolgenden Neuwahlen brachten folgendes Wahlergebnis: 1. Vorstand Klara Spiegelhalter, Stellvertreterin Olga Kogler-Zink, Schriftf\u00fchrerin Gudrun Zimmermann. F\u00fcr die nicht mehr kandidierende komm. Rechnerin Erika Andris wurde Sonja Loyal als Rechnerin gew\u00e4hlt. Als Beisitzer fungieren Waltraud Ketterer und Erika Andris.<\/p>\n<p>\u00a0<a href=\"https:\/\/www.freiburg-schwarzwald.de\/blog\/landfrauenverein-spendet-tafel\/landfrauen-tafel130306\/\" rel=\"attachment wp-att-23869\"><img loading=\"lazy\" decoding=\"async\" class=\"alignnone size-thumbnail wp-image-23869\" title=\"landfrauen-tafel130306\" src=\"https:\/\/www.freiburg-schwarzwald.de\/blog\/wp-content\/uploads\/2013\/03\/landfrauen-tafel130306-180x135.jpg\" alt=\"\" width=\"180\" height=\"135\" srcset=\"https:\/\/www.freiburg-schwarzwald.de\/blog\/wp-content\/uploads\/2013\/03\/landfrauen-tafel130306-180x135.jpg 180w, https:\/\/www.freiburg-schwarzwald.de\/blog\/wp-content\/uploads\/2013\/03\/landfrauen-tafel130306.jpg 640w\" sizes=\"auto, (max-width: 180px) 100vw, 180px\" \/><\/a><\/p>\n<p>v.l.: Erika Andris, Rechnerin, Frau Theobald und Frau Mecklenburg Freiburger Tafel und Klara Spiegelhalter 1. Vorsitzende Landfrauenverein. Foto: privat<\/p>\n<p>Im Anschluss an die Regularien sprachen Frau Theobald und Frau Mecklenburg von der Freiburger Tafel \u00fcber die Entstehung, die Entwicklung, die Arbeit und die Struktur des Vereins. Beeindruckt waren die Mitglieder davon, dass alles, was f\u00fcr den Laden gebraucht wird aus Spenden finanziert und abgesehen von 4 \u00bd bezahlten Stellen weitgehend mit ehrenamtlichen Helfern bew\u00e4ltigt wird. Der Tafelladen ist f\u00fcr viele Menschen mit geringem Einkommen eine M\u00f6glichkeit g\u00fcnstig gute Lebensmittel einzukaufen. Leider steigt die Zahl der Kunden stetig an und es bedarf immenser Anstrengungen die Versorgung sicher zu stellen. Das Einzugsgebiet reicht auch bis in das Dreisamtal und das war f\u00fcr die Landfrauen das Kriterium, in diesem Jahr die Spende von 500.- \u20ac aus dem Erl\u00f6s des Weihnachtsmarktes an die Freiburger Tafel zu geben. Frau Theobald und Frau Mecklenburg bedankten sich herzlich und sprachen eine Einladung zum Besuch der Freiburger Tafel aus, um sich selbst ein Bild \u00fcber die Arbeit zu machen. Der Termin f\u00fcr diesen Besuch wird rechtzeitig bekannt gegeben, sodass auch interessierte G\u00e4ste teilnehmen k\u00f6nnen.<br \/>\n6.3.2013, <a href=\"https:\/\/www.dreisamtaeler.de\">www.dreisamtaeler.de<\/a><\/p>\n<p>&nbsp;<\/p>\n<p>&nbsp;<\/p>\n","protected":false},"excerpt":{"rendered":"<p>Die diesj\u00e4hrige Mitgliederversammlung des Landfrauenvereins Kirchzarten-Stegen stand im Zeichen der Neu\u00adwahlen und der Spenden\u00fcbergabe an die Freiburger Tafel. Die Berichte f\u00fcr das abgelaufene Landfrauenjahr zeigten viele Aktivit\u00e4ten wie Vortr\u00e4ge, Besichtigungen und eine Vier-Tages-Fahrt in den Harz. Zahlreiche Arbeitseins\u00e4tze, Bewirtungen bei &hellip; <a href=\"https:\/\/www.freiburg-schwarzwald.de\/blog\/landfrauenverein-spendet-tafel\/\">Weiterlesen <span class=\"meta-nav\">&rarr;<\/span><\/a><\/p>\n","protected":false},"author":4,"featured_media":0,"comment_status":"open","ping_status":"closed","sticky":false,"template":"","format":"standard","meta":{"footnotes":""},"categories":[59,201,161,6],"tags":[270],"class_list":["post-23865","post","type-post","status-publish","format-standard","hentry","category-frauen","category-landwirt","category-spende","category-vereine","tag-gift"],"_links":{"self":[{"href":"https:\/\/www.freiburg-schwarzwald.de\/blog\/wp-json\/wp\/v2\/posts\/23865","targetHints":{"allow":["GET"]}}],"collection":[{"href":"https:\/\/www.freiburg-schwarzwald.de\/blog\/wp-json\/wp\/v2\/posts"}],"about":[{"href":"https:\/\/www.freiburg-schwarzwald.de\/blog\/wp-json\/wp\/v2\/types\/post"}],"author":[{"embeddable":true,"href":"https:\/\/www.freiburg-schwarzwald.de\/blog\/wp-json\/wp\/v2\/users\/4"}],"replies":[{"embeddable":true,"href":"https:\/\/www.freiburg-schwarzwald.de\/blog\/wp-json\/wp\/v2\/comments?post=23865"}],"version-history":[{"count":0,"href":"https:\/\/www.freiburg-schwarzwald.de\/blog\/wp-json\/wp\/v2\/posts\/23865\/revisions"}],"wp:attachment":[{"href":"https:\/\/www.freiburg-schwarzwald.de\/blog\/wp-json\/wp\/v2\/media?parent=23865"}],"wp:term":[{"taxonomy":"category","embeddable":true,"href":"https:\/\/www.freiburg-schwarzwald.de\/blog\/wp-json\/wp\/v2\/categories?post=23865"},{"taxonomy":"post_tag","embeddable":true,"href":"https:\/\/www.freiburg-schwarzwald.de\/blog\/wp-json\/wp\/v2\/tags?post=23865"}],"curies":[{"name":"wp","href":"https:\/\/api.w.org\/{rel}","templated":true}]}}