{"id":2382,"date":"2012-04-27T09:39:19","date_gmt":"2012-04-27T09:39:19","guid":{"rendered":"https:\/\/www.freiburg-schwarzwald.de\/blog\/?p=2382"},"modified":"2015-10-03T21:02:18","modified_gmt":"2015-10-03T19:02:18","slug":"burgerbeteiligung-mehrgenerationenspielplatz-laubenhof-und-vernetzung","status":"publish","type":"post","link":"https:\/\/www.freiburg-schwarzwald.de\/blog\/burgerbeteiligung-mehrgenerationenspielplatz-laubenhof-und-vernetzung\/","title":{"rendered":"B\u00fcrgerbeteiligung Mehrgenerationenspielplatz Laubenhof und Vernetzung"},"content":{"rendered":"<p>Die Heiliggeistspitalstiftung Freiburg, das Garten- und Tiefbauamt der Stadt Freiburg und der B\u00fcrgerverein Oberwiehre-Waldsee planen und bauen derzeit gemeinsam einen Mehrgenerationenspielplatz am <a title=\"Laubenhof\" href=\"https:\/\/www.freiburg-schwarzwald.de\/blog\/selbsthilfe\/senioren\/laubenhof\/\">Laubenhof<\/a> in FR-Waldsee. Nach einem ersten B\u00fcrgertreffen im Dezember 2011, an dem verschiedene Entw\u00fcrfe pr\u00e4sentiert und diskutiert wurden, werden nun die konkreten Planungen im Rahmen einer B\u00fcrgerversammlung vorgestellt und Nutzungskonzepte gemeinsam erarbeitet. B\u00fcrgerInnen, AnwohnerInnen und NutzerInnen jeden Alters sind hierzu herzlich eingeladen: Montag, 07. Mai, 17:00 Uhr, Laubenhof, Weismannstr. 3a.\u00a0Das Projekt VEGA unterst\u00fctzt und begleitet dieses Vorhaben aktiv, <!--more-->weil es ein klar ge\u00e4u\u00dfertes Bed\u00fcrfnis aus der B\u00fcrgerschaft im Freiburger Osten aufgreift, das im Rahmen der VEGA-Veranstaltungen immer wieder formuliert worden war. Die beteiligten B\u00fcrgerinnen und B\u00fcrger brachten wiederholt zum Ausdruck, dass es in den Stadtteilen Waldsee und Littenweiler Begegnungs- und Kommunikationsr\u00e4ume braucht im <a title=\"Oeffentlicher-Raum\" href=\"https:\/\/www.freiburg-schwarzwald.de\/blog\/kultur\/oeffentlicher-raum\/\">\u00f6ffentlichen Raum <\/a>und in Form von klar definierten Treffpunkten.\u00a0\u00a0Montag, 11. Juni 2012 16 Uhr Erstes Arbeitstreffen VEGA-mobil.<br \/>\nEin anderes Bed\u00fcrfnis, das in den zur\u00fcckliegenden Veranstaltungen immer wieder\u00a0 ge\u00e4u\u00dfert wurde, betrifft\u00a0 die Vernetzung\u00a0 und den Informationsfluss\u00a0 zum Thema Altern in den Stadtteilen <a title=\"Littenweiler\" href=\"https:\/\/www.freiburg-schwarzwald.de\/blog\/regio\/freiburg\/littenweiler\/\">Littenweiler<\/a> und Waldsee. In den letzten Wochen wurde in einem Workshop die Idee des VEGA-mobils\u00a0 diskutiert, das als zentrale und doch mobile Informations- und Anlaufstelle im Stadtteil dienen k\u00f6nnte. Gedacht wurde dabei an ein auff\u00e4lliges Lastenfahrrad mit Informationskiste, Flyern, St\u00fchlen etc. Alle engagierte B\u00fcrgerInnen, Initiativen und Einrichtungen, die Lust haben, sich zu diesem Thema zu vernetzen und diese Idee gemeinsam weiterzuentwickeln, sind herzlich eingeladen zu einem ersten Arbeitstreffen, das am Montag, den 11. Juni um 16 Uhr in der Begegnungsst\u00e4tte Kreuzstein\u00e4cker, Heinrich-Heine-Stra\u00dfe 10, stattfindet. Infos\u00a0auch unter <a href=\"https:\/\/www.vega-freiburg-ost.de\/\">www.vega-freiburg-ost.de<\/a> oder direkt: <a href=\"mailto:stefanie.klott@kh-freiburg.de\">stefanie.klott@kh-freiburg.de<\/a><\/p>\n","protected":false},"excerpt":{"rendered":"<p>Die Heiliggeistspitalstiftung Freiburg, das Garten- und Tiefbauamt der Stadt Freiburg und der B\u00fcrgerverein Oberwiehre-Waldsee planen und bauen derzeit gemeinsam einen Mehrgenerationenspielplatz am Laubenhof in FR-Waldsee. Nach einem ersten B\u00fcrgertreffen im Dezember 2011, an dem verschiedene Entw\u00fcrfe pr\u00e4sentiert und diskutiert wurden, &hellip; <a href=\"https:\/\/www.freiburg-schwarzwald.de\/blog\/burgerbeteiligung-mehrgenerationenspielplatz-laubenhof-und-vernetzung\/\">Weiterlesen <span class=\"meta-nav\">&rarr;<\/span><\/a><\/p>\n","protected":false},"author":2,"featured_media":0,"comment_status":"open","ping_status":"closed","sticky":false,"template":"","format":"standard","meta":{"footnotes":""},"categories":[181,102,91],"tags":[],"class_list":["post-2382","post","type-post","status-publish","format-standard","hentry","category-buergerbeteiligung","category-senioren","category-wohnen"],"_links":{"self":[{"href":"https:\/\/www.freiburg-schwarzwald.de\/blog\/wp-json\/wp\/v2\/posts\/2382","targetHints":{"allow":["GET"]}}],"collection":[{"href":"https:\/\/www.freiburg-schwarzwald.de\/blog\/wp-json\/wp\/v2\/posts"}],"about":[{"href":"https:\/\/www.freiburg-schwarzwald.de\/blog\/wp-json\/wp\/v2\/types\/post"}],"author":[{"embeddable":true,"href":"https:\/\/www.freiburg-schwarzwald.de\/blog\/wp-json\/wp\/v2\/users\/2"}],"replies":[{"embeddable":true,"href":"https:\/\/www.freiburg-schwarzwald.de\/blog\/wp-json\/wp\/v2\/comments?post=2382"}],"version-history":[{"count":0,"href":"https:\/\/www.freiburg-schwarzwald.de\/blog\/wp-json\/wp\/v2\/posts\/2382\/revisions"}],"wp:attachment":[{"href":"https:\/\/www.freiburg-schwarzwald.de\/blog\/wp-json\/wp\/v2\/media?parent=2382"}],"wp:term":[{"taxonomy":"category","embeddable":true,"href":"https:\/\/www.freiburg-schwarzwald.de\/blog\/wp-json\/wp\/v2\/categories?post=2382"},{"taxonomy":"post_tag","embeddable":true,"href":"https:\/\/www.freiburg-schwarzwald.de\/blog\/wp-json\/wp\/v2\/tags?post=2382"}],"curies":[{"name":"wp","href":"https:\/\/api.w.org\/{rel}","templated":true}]}}