{"id":23803,"date":"2013-03-06T11:19:20","date_gmt":"2013-03-06T10:19:20","guid":{"rendered":"https:\/\/www.freiburg-schwarzwald.de\/blog\/?p=23803"},"modified":"2013-03-06T11:31:11","modified_gmt":"2013-03-06T10:31:11","slug":"alternative-fuer-deutschland","status":"publish","type":"post","link":"https:\/\/www.freiburg-schwarzwald.de\/blog\/alternative-fuer-deutschland\/","title":{"rendered":"Alternative fuer Deutschland"},"content":{"rendered":"<p>Kritiker der Euro-Rettungspolitik sind dabei, eine Partei \u201eAlternative f\u00fcr Deutschland\u201c zu gr\u00fcnden und m\u00f6glichst noch zur Bundestagswahl im September antreten. \u201eDie derzeitige sogenannte <a title=\"Finanzsystem\" href=\"https:\/\/www.freiburg-schwarzwald.de\/blog\/global\/finanzsystem\/\">Euro-Rettungspolitik<\/a>\u00a0ist ausschlie\u00dflich an kurzfristigen Interessen vor allem der <a title=\"EU-Banken\" href=\"https:\/\/www.freiburg-schwarzwald.de\/blog\/global\/eu\/eu-banken\/\">Banken<\/a> ausgerichtet\u201c, kritisierte Parteimitgr\u00fcnder Prof Bernd Lucke von der Uni Hamburg,\u00a0die Milliarden-Hilfspakete haben die <a title=\"EU\" href=\"https:\/\/www.freiburg-schwarzwald.de\/blog\/global\/eu\/\">EU<\/a> in eine \u201ewild wuchernde Transferunion\u201c verwandelt. <!--more--><\/p>\n<p>Die neue Partei fordert eine Aufl\u00f6sung des Euro-W\u00e4hrungsgebiets, die R\u00fcckkehr zu nationalen W\u00e4hrungen oder zu kleineren W\u00e4hrungsverb\u00fcnden. Dazu m\u00fcssten die EU-Vertr\u00e4ge ge\u00e4ndert und ein Austrittsrecht geschaffen werden.\u00a0<br \/>\n<a href=\"https:\/\/www.wa2013.de\">www.wa2013.de<\/a> \u00a0<\/p>\n<p><strong>Euro-Rettungspolitik hat entscheidende Schwelle \u00fcberschritten<\/strong><br \/>\n&#8222;Entscheidend f\u00fcr uns war der Eindruck, dass mit der Euro-Rettungspolitik eine Schwelle \u00fcberschritten wird, die ohne Zustimmung der B\u00fcrger nicht \u00fcberschritten werden sollte. Insofern halten wir uns an das, was das Bundesverfassungsgericht zu dieser Thematik gesagt hat. Hier wird tats\u00e4chlich, da geben wir der Kanzlerin recht, eine Schicksalsfrage entschieden. Allerdings ohne dass eine in der Bev\u00f6lkerung weit verbreitete skeptische Stimmung im Parlament Resonanz findet. Alle Parteien dort sind in dieser Frage einer Meinung: Sie wollen retten. Und das finden wir verkehrt.&#8220; So\u00a0Konrad Adam am 6.3.2013 auf<br \/>\n<a href=\"https:\/\/www.wiwo.de\/politik\/deutschland\/neue-partei-alternative-fuer-deutschland-will-euro-nicht-retten\/7882092.html\">https:\/\/www.wiwo.de\/politik\/deutschland\/neue-partei-alternative-fuer-deutschland-will-euro-nicht-retten\/7882092.html<\/a><\/p>\n","protected":false},"excerpt":{"rendered":"<p>Kritiker der Euro-Rettungspolitik sind dabei, eine Partei \u201eAlternative f\u00fcr Deutschland\u201c zu gr\u00fcnden und m\u00f6glichst noch zur Bundestagswahl im September antreten. \u201eDie derzeitige sogenannte Euro-Rettungspolitik\u00a0ist ausschlie\u00dflich an kurzfristigen Interessen vor allem der Banken ausgerichtet\u201c, kritisierte Parteimitgr\u00fcnder Prof Bernd Lucke von der &hellip; <a href=\"https:\/\/www.freiburg-schwarzwald.de\/blog\/alternative-fuer-deutschland\/\">Weiterlesen <span class=\"meta-nav\">&rarr;<\/span><\/a><\/p>\n","protected":false},"author":4,"featured_media":0,"comment_status":"open","ping_status":"closed","sticky":false,"template":"","format":"standard","meta":{"footnotes":""},"categories":[36,195],"tags":[489,372],"class_list":["post-23803","post","type-post","status-publish","format-standard","hentry","category-engagement","category-eu","tag-european-union","tag-euro"],"_links":{"self":[{"href":"https:\/\/www.freiburg-schwarzwald.de\/blog\/wp-json\/wp\/v2\/posts\/23803","targetHints":{"allow":["GET"]}}],"collection":[{"href":"https:\/\/www.freiburg-schwarzwald.de\/blog\/wp-json\/wp\/v2\/posts"}],"about":[{"href":"https:\/\/www.freiburg-schwarzwald.de\/blog\/wp-json\/wp\/v2\/types\/post"}],"author":[{"embeddable":true,"href":"https:\/\/www.freiburg-schwarzwald.de\/blog\/wp-json\/wp\/v2\/users\/4"}],"replies":[{"embeddable":true,"href":"https:\/\/www.freiburg-schwarzwald.de\/blog\/wp-json\/wp\/v2\/comments?post=23803"}],"version-history":[{"count":0,"href":"https:\/\/www.freiburg-schwarzwald.de\/blog\/wp-json\/wp\/v2\/posts\/23803\/revisions"}],"wp:attachment":[{"href":"https:\/\/www.freiburg-schwarzwald.de\/blog\/wp-json\/wp\/v2\/media?parent=23803"}],"wp:term":[{"taxonomy":"category","embeddable":true,"href":"https:\/\/www.freiburg-schwarzwald.de\/blog\/wp-json\/wp\/v2\/categories?post=23803"},{"taxonomy":"post_tag","embeddable":true,"href":"https:\/\/www.freiburg-schwarzwald.de\/blog\/wp-json\/wp\/v2\/tags?post=23803"}],"curies":[{"name":"wp","href":"https:\/\/api.w.org\/{rel}","templated":true}]}}