{"id":2372,"date":"2012-04-26T19:56:52","date_gmt":"2012-04-26T19:56:52","guid":{"rendered":"https:\/\/www.freiburg-schwarzwald.de\/blog\/?p=2372"},"modified":"2012-04-26T20:06:18","modified_gmt":"2012-04-26T20:06:18","slug":"kl-freiburg-internationales-gaestehaus-fur-junge-menschen","status":"publish","type":"post","link":"https:\/\/www.freiburg-schwarzwald.de\/blog\/kl-freiburg-internationales-gaestehaus-fur-junge-menschen\/","title":{"rendered":"KL Freiburg &#8211; Internationales Gaestehaus f\u00fcr junge Menschen"},"content":{"rendered":"<p>Die Namensbezeichnung Katholisches Lehrlingsheim hat \u00fcber die ganzen Jahrzehnte den Charakter und das Leitbild des Hauses gepr\u00e4gt und repr\u00e4sentiert. Nun machten der Zeitgeist und die\u00a0internationale Ausrichtung des Hauses eine Neuorientierung erforderlich. Aus dem\u00a0Lehrlingsheim wird &#8222;KL Freiburg Internationales G\u00e4stehaus f\u00fcr junge Menschen und Gruppen&#8220;. Aber\u00a0auch nach \u00fcber 100 Jahren bleibt\u00a0 die Beherbergung und Betreuung von Lehrlingen die Kernaufgabe.\u00a0F\u00fcr einen Tagessatz von 31,30 Euro gibt&#8217;s nicht nur Kost und Logis, sondern auch Hilfe. Unter den Lehrlingen sind Steinmetze besonders stark vertreten &#8211;\u00a0da die Kirche schon fr\u00fcher die Lehrlinge der M\u00fcnstersteinmetze hier unterbrachte<br \/>\nKL Freiburg, Kart\u00e4user Str. 41, 79102 Freiburg, Tel 0761\/211 16-30, <a href=\"https:\/\/www.kl-freiburg.de\">www.kl-freiburg.de<\/a><\/p>\n<div id=\"attachment_2374\" style=\"width: 190px\" class=\"wp-caption alignnone\"><a href=\"https:\/\/www.freiburg-schwarzwald.de\/blog\/2012\/04\/26\/kl-freiburg-internationales-gaestehaus-fur-junge-menschen\/solar-fassade080716\/\" rel=\"attachment wp-att-2374\"><img loading=\"lazy\" decoding=\"async\" aria-describedby=\"caption-attachment-2374\" class=\"size-thumbnail wp-image-2374\" title=\"solar-fassade080716\" src=\"https:\/\/www.freiburg-schwarzwald.de\/blog\/wp-content\/uploads\/2012\/04\/solar-fassade080716-180x135.jpg\" alt=\"\" width=\"180\" height=\"135\" srcset=\"https:\/\/www.freiburg-schwarzwald.de\/blog\/wp-content\/uploads\/2012\/04\/solar-fassade080716-180x135.jpg 180w, https:\/\/www.freiburg-schwarzwald.de\/blog\/wp-content\/uploads\/2012\/04\/solar-fassade080716.jpg 640w\" sizes=\"auto, (max-width: 180px) 100vw, 180px\" \/><\/a><p id=\"caption-attachment-2374\" class=\"wp-caption-text\">KL Freiburg in der Kartaeuserstrasse mir Solar-Fassade im Juli 2008<\/p><\/div>\n","protected":false},"excerpt":{"rendered":"<p>Die Namensbezeichnung Katholisches Lehrlingsheim hat \u00fcber die ganzen Jahrzehnte den Charakter und das Leitbild des Hauses gepr\u00e4gt und repr\u00e4sentiert. Nun machten der Zeitgeist und die\u00a0internationale Ausrichtung des Hauses eine Neuorientierung erforderlich. Aus dem\u00a0Lehrlingsheim wird &#8222;KL Freiburg Internationales G\u00e4stehaus f\u00fcr junge &hellip; <a href=\"https:\/\/www.freiburg-schwarzwald.de\/blog\/kl-freiburg-internationales-gaestehaus-fur-junge-menschen\/\">Weiterlesen <span class=\"meta-nav\">&rarr;<\/span><\/a><\/p>\n","protected":false},"author":2,"featured_media":0,"comment_status":"open","ping_status":"closed","sticky":false,"template":"","format":"standard","meta":{"footnotes":""},"categories":[49,138,60,89],"tags":[],"class_list":["post-2372","post","type-post","status-publish","format-standard","hentry","category-freiburg","category-gastro","category-jugend","category-kirchen"],"_links":{"self":[{"href":"https:\/\/www.freiburg-schwarzwald.de\/blog\/wp-json\/wp\/v2\/posts\/2372","targetHints":{"allow":["GET"]}}],"collection":[{"href":"https:\/\/www.freiburg-schwarzwald.de\/blog\/wp-json\/wp\/v2\/posts"}],"about":[{"href":"https:\/\/www.freiburg-schwarzwald.de\/blog\/wp-json\/wp\/v2\/types\/post"}],"author":[{"embeddable":true,"href":"https:\/\/www.freiburg-schwarzwald.de\/blog\/wp-json\/wp\/v2\/users\/2"}],"replies":[{"embeddable":true,"href":"https:\/\/www.freiburg-schwarzwald.de\/blog\/wp-json\/wp\/v2\/comments?post=2372"}],"version-history":[{"count":0,"href":"https:\/\/www.freiburg-schwarzwald.de\/blog\/wp-json\/wp\/v2\/posts\/2372\/revisions"}],"wp:attachment":[{"href":"https:\/\/www.freiburg-schwarzwald.de\/blog\/wp-json\/wp\/v2\/media?parent=2372"}],"wp:term":[{"taxonomy":"category","embeddable":true,"href":"https:\/\/www.freiburg-schwarzwald.de\/blog\/wp-json\/wp\/v2\/categories?post=2372"},{"taxonomy":"post_tag","embeddable":true,"href":"https:\/\/www.freiburg-schwarzwald.de\/blog\/wp-json\/wp\/v2\/tags?post=2372"}],"curies":[{"name":"wp","href":"https:\/\/api.w.org\/{rel}","templated":true}]}}