{"id":23181,"date":"2013-02-27T12:21:30","date_gmt":"2013-02-27T11:21:30","guid":{"rendered":"https:\/\/www.freiburg-schwarzwald.de\/blog\/?p=23181"},"modified":"2013-02-27T12:21:30","modified_gmt":"2013-02-27T11:21:30","slug":"handwerk-findet-keine-azubis","status":"publish","type":"post","link":"https:\/\/www.freiburg-schwarzwald.de\/blog\/handwerk-findet-keine-azubis\/","title":{"rendered":"Handwerk findet keine Azubis"},"content":{"rendered":"<p>S\u00fcdbadens <a title=\"Handwerk\" href=\"https:\/\/www.freiburg-schwarzwald.de\/blog\/business\/handwerk\/\">Handwerk<\/a> verliert Umsatz, weil <a title=\"Azubi\" href=\"https:\/\/www.freiburg-schwarzwald.de\/blog\/bildung\/duale-bildung\/azubi\/\">Leute<\/a> fehlen: Zwei Jahre lang ging es steil nach oben, jetzt wird das Handwerk ausgebremst: 8,57 Milliarden Euro Umsatz, zwei Prozent weniger als 2011, haben die 15 742 Handwerksbetriebe in S\u00fcdbaden 2012 gemacht.\u00a0Dennoch war es aus Sicht der <a title=\"Handwerkskammer\" href=\"https:\/\/www.freiburg-schwarzwald.de\/blog\/business\/handwerk\/handwerkskammer\/\">Handwerkskammer<\/a> Freiburg ein gutes Jahr. Die Handwerker seien &#8222;zufrieden bis sehr zufrieden&#8220;, <!--more-->sagte Pr\u00e4sident Paul Baier am Dienstag bei der Jahrespressekonferenz der Handwerkskammer Freiburg. 2012 sind per Saldo 47 Handwerksbetriebe in der Region hinzugekommen, die Zahl der Besch\u00e4ftigten ist mit 101 770 praktisch gleich geblieben. Auftragsmangel gibt es nicht. &#8222;Die Konjunktur ist stabil&#8220;, sagte Hauptgesch\u00e4ftsf\u00fchrer Johannes Burger, &#8222;wir h\u00e4tten mehr Umsatz machen k\u00f6nnen, wenn wir gen\u00fcgend Fachkr\u00e4fte h\u00e4tten.&#8220; Nur 2413 neue Auszubildende haben im Herbst eine Handwerkerlehre angefangen, das sind 2,1 Prozent weniger als im Vorjahr. Im Lauf von zehn Jahren ist die Gesamtzahl der Lehrlinge von 7400 auf 6500 gesunken. Das liegt an der sinkenden Zahl von Schulabg\u00e4ngern, aber auch am Wettbewerb um die Lehrstellen zwischen Handel, Handwerk und Industrie, bei dem anstrengendere Berufe oft das Nachsehen haben. Um mehr Nachwuchs zu gewinnen, will die Handwerkskammer unter anderem versuchen, jene Auszubildenden zur\u00fcckzugewinnen, die ihre Lehre abgebrochen haben. Die Handwerker blicken auch in die L\u00e4nder mit hoher Jugendarbeitslosigkeit. Doch &#8222;Schnellsch\u00fcsse kann es nicht geben&#8220;, warnt Burger vor \u00fcbertriebenen Hoffnungen, Jugendliche etwa aus Spanien gewinnen zu k\u00f6nnen. Noch nicht einmal zwischen dem Elsass und Baden ist das einfach. Zwar w\u00fcrden viele els\u00e4ssische Jugendliche gerne eine Lehre am rechten Rheinufer absolvieren, doch es m\u00fcssten &#8222;noch viele b\u00fcrokratische Hindernisse beseitigt werden&#8220;, sagte Pr\u00e4sident Baier. Strittig ist beispielsweise, wer die Berufsschule zahlt.<br \/>\n27.2.2013, Heinz Siebold<!-- RSPEAK_STOP --><\/p>\n","protected":false},"excerpt":{"rendered":"<p>S\u00fcdbadens Handwerk verliert Umsatz, weil Leute fehlen: Zwei Jahre lang ging es steil nach oben, jetzt wird das Handwerk ausgebremst: 8,57 Milliarden Euro Umsatz, zwei Prozent weniger als 2011, haben die 15 742 Handwerksbetriebe in S\u00fcdbaden 2012 gemacht.\u00a0Dennoch war es &hellip; <a href=\"https:\/\/www.freiburg-schwarzwald.de\/blog\/handwerk-findet-keine-azubis\/\">Weiterlesen <span class=\"meta-nav\">&rarr;<\/span><\/a><\/p>\n","protected":false},"author":4,"featured_media":0,"comment_status":"open","ping_status":"closed","sticky":false,"template":"","format":"standard","meta":{"footnotes":""},"categories":[425,22,60],"tags":[424,504],"class_list":["post-23181","post","type-post","status-publish","format-standard","hentry","category-duale-bildung","category-handwerk","category-jugend","tag-azubi","tag-weiterbildung"],"_links":{"self":[{"href":"https:\/\/www.freiburg-schwarzwald.de\/blog\/wp-json\/wp\/v2\/posts\/23181","targetHints":{"allow":["GET"]}}],"collection":[{"href":"https:\/\/www.freiburg-schwarzwald.de\/blog\/wp-json\/wp\/v2\/posts"}],"about":[{"href":"https:\/\/www.freiburg-schwarzwald.de\/blog\/wp-json\/wp\/v2\/types\/post"}],"author":[{"embeddable":true,"href":"https:\/\/www.freiburg-schwarzwald.de\/blog\/wp-json\/wp\/v2\/users\/4"}],"replies":[{"embeddable":true,"href":"https:\/\/www.freiburg-schwarzwald.de\/blog\/wp-json\/wp\/v2\/comments?post=23181"}],"version-history":[{"count":0,"href":"https:\/\/www.freiburg-schwarzwald.de\/blog\/wp-json\/wp\/v2\/posts\/23181\/revisions"}],"wp:attachment":[{"href":"https:\/\/www.freiburg-schwarzwald.de\/blog\/wp-json\/wp\/v2\/media?parent=23181"}],"wp:term":[{"taxonomy":"category","embeddable":true,"href":"https:\/\/www.freiburg-schwarzwald.de\/blog\/wp-json\/wp\/v2\/categories?post=23181"},{"taxonomy":"post_tag","embeddable":true,"href":"https:\/\/www.freiburg-schwarzwald.de\/blog\/wp-json\/wp\/v2\/tags?post=23181"}],"curies":[{"name":"wp","href":"https:\/\/api.w.org\/{rel}","templated":true}]}}