{"id":23079,"date":"2013-02-25T22:49:56","date_gmt":"2013-02-25T21:49:56","guid":{"rendered":"https:\/\/www.freiburg-schwarzwald.de\/blog\/?p=23079"},"modified":"2013-02-25T22:51:37","modified_gmt":"2013-02-25T21:51:37","slug":"barrierefreie-mobilitaet-auto","status":"publish","type":"post","link":"https:\/\/www.freiburg-schwarzwald.de\/blog\/barrierefreie-mobilitaet-auto\/","title":{"rendered":"Barrierefreie Mobilitaet &#8211; Auto"},"content":{"rendered":"<p>\u201eVielf\u00e4ltig wie nie!\u201c, so k\u00f6nnte der Titel der gr\u00f6\u00dften <a title=\"Messe\" href=\"https:\/\/www.freiburg-schwarzwald.de\/blog\/business\/markt\/messe\/\">Neuwagenmesse<\/a> S\u00fcddeutschlands, der AUTOMOBIL 2013, die vom 1. bis 3. M\u00e4rz in der Messe Freiburg stattfindet. Ganz neu ist das Thema \u201e<a title=\"Barrierefrei\" href=\"https:\/\/www.freiburg-schwarzwald.de\/blog\/selbsthilfe\/behinderung\/barrierefrei\/\">Barrierefreie<\/a> Mobilit\u00e4t\u201c \u2013 Mobilsein f\u00fcr \u00e4ltere wie auch <a title=\"Behinderung\" href=\"https:\/\/www.freiburg-schwarzwald.de\/blog\/selbsthilfe\/behinderung\/\">behinderte Menschen<\/a>. Sie befasst sich mit den M\u00f6glichkeiten zur Unabh\u00e4ngigkeit und Mobilit\u00e4t trotz Behinderung. Wie k\u00f6nnen <a title=\"Verkehr\" href=\"https:\/\/www.freiburg-schwarzwald.de\/blog\/regio\/verkehr\/\">Fahrzeuge <\/a>umger\u00fcstet werden? Was ist m\u00f6glich? <!--more-->Welche Kosten fallen an? Wer macht das? Wer sich diese Fragen gestellt hat, findet auf der AUTOMOBIL 2013 die entsprechenden Antworten und kann fachliche Ratschl\u00e4ge und aktuelle Informationen einholen. Mit der Sonderschau \u201eBarrierefreie Mobilit\u00e4t\u201c geht die 28. AUTOMOBIL neue Wege und macht behindertengerechte Mobilit\u00e4t zu einem zentralen Thema. Oft \u00a0hilft es \u00a0schon ein Pedal zu verlegen oder das Gas \u2013 wie bei einem Motorrad \u2013 per Handgriff zu bedienen. Rollst\u00fchle sollten, zusammengeklappt, in den Kofferraum passen. Rund 1.800 Menschen in der Regio werden j\u00e4hrlich durch Erkrankungen oder andere Lebensumst\u00e4nde vor ein Mobilit\u00e4tsproblem gestellt, was den Bedarf solcher Mobilit\u00e4tsl\u00f6sungen unterstreicht. Auf der AUTOMOBIL 2013 werden auf einem Messestand im Foyer verschiedene behindertengerechte Fahrzeugumbauten pr\u00e4sentiert und man kann sich \u00fcber viele M\u00f6glichkeiten der barrierefreien Mobilit\u00e4t informieren und sich zu Umr\u00fcstm\u00f6glichkeiten direkt an Vorf\u00fchrfahrzeugen beraten lassen.<br \/>\n25.2.2013, Hans-E. Homlicher<\/p>\n","protected":false},"excerpt":{"rendered":"<p>\u201eVielf\u00e4ltig wie nie!\u201c, so k\u00f6nnte der Titel der gr\u00f6\u00dften Neuwagenmesse S\u00fcddeutschlands, der AUTOMOBIL 2013, die vom 1. bis 3. M\u00e4rz in der Messe Freiburg stattfindet. Ganz neu ist das Thema \u201eBarrierefreie Mobilit\u00e4t\u201c \u2013 Mobilsein f\u00fcr \u00e4ltere wie auch behinderte Menschen. &hellip; <a href=\"https:\/\/www.freiburg-schwarzwald.de\/blog\/barrierefreie-mobilitaet-auto\/\">Weiterlesen <span class=\"meta-nav\">&rarr;<\/span><\/a><\/p>\n","protected":false},"author":4,"featured_media":0,"comment_status":"open","ping_status":"closed","sticky":false,"template":"","format":"standard","meta":{"footnotes":""},"categories":[56,11,118],"tags":[397,35,505,443],"class_list":["post-23079","post","type-post","status-publish","format-standard","hentry","category-behinderung","category-regio","category-verkehr","tag-ausstellung","tag-barrierefrei","tag-messen","tag-termin"],"_links":{"self":[{"href":"https:\/\/www.freiburg-schwarzwald.de\/blog\/wp-json\/wp\/v2\/posts\/23079","targetHints":{"allow":["GET"]}}],"collection":[{"href":"https:\/\/www.freiburg-schwarzwald.de\/blog\/wp-json\/wp\/v2\/posts"}],"about":[{"href":"https:\/\/www.freiburg-schwarzwald.de\/blog\/wp-json\/wp\/v2\/types\/post"}],"author":[{"embeddable":true,"href":"https:\/\/www.freiburg-schwarzwald.de\/blog\/wp-json\/wp\/v2\/users\/4"}],"replies":[{"embeddable":true,"href":"https:\/\/www.freiburg-schwarzwald.de\/blog\/wp-json\/wp\/v2\/comments?post=23079"}],"version-history":[{"count":0,"href":"https:\/\/www.freiburg-schwarzwald.de\/blog\/wp-json\/wp\/v2\/posts\/23079\/revisions"}],"wp:attachment":[{"href":"https:\/\/www.freiburg-schwarzwald.de\/blog\/wp-json\/wp\/v2\/media?parent=23079"}],"wp:term":[{"taxonomy":"category","embeddable":true,"href":"https:\/\/www.freiburg-schwarzwald.de\/blog\/wp-json\/wp\/v2\/categories?post=23079"},{"taxonomy":"post_tag","embeddable":true,"href":"https:\/\/www.freiburg-schwarzwald.de\/blog\/wp-json\/wp\/v2\/tags?post=23079"}],"curies":[{"name":"wp","href":"https:\/\/api.w.org\/{rel}","templated":true}]}}