{"id":2274,"date":"2012-04-24T14:21:57","date_gmt":"2012-04-24T14:21:57","guid":{"rendered":"https:\/\/www.freiburg-schwarzwald.de\/blog\/?p=2274"},"modified":"2012-04-24T14:28:50","modified_gmt":"2012-04-24T14:28:50","slug":"turmgespraeche-im-turenne-prof-raffelhueschen-zum-generationenvertrag","status":"publish","type":"post","link":"https:\/\/www.freiburg-schwarzwald.de\/blog\/turmgespraeche-im-turenne-prof-raffelhueschen-zum-generationenvertrag\/","title":{"rendered":"Turmgespraeche im Turenne &#8211; Prof Raffelhueschen zum Generationenvertrag"},"content":{"rendered":"<p>&#8222;Turmgespr\u00e4che im Turenne&#8220; ist eine Vortragsreihe, die einmal im Jahr vom F\u00f6rderkreis f\u00fcr das Walter-Eucken-Gymnasium und Kaufm\u00e4nnische Schulen I e.V. organisiert wird.\u00a0 Im Rahmen dieser neuen Vortragsreihe des <a title=\"Schulen\" href=\"https:\/\/www.freiburg-schwarzwald.de\/blog\/bildung\/schulen\/\">Walter-Eucken-Gymnasiums<\/a>\u00a0referiert Prof. Dr. Bernd Raffelh\u00fcschen zum Thema \u201eDemographie \u25aa Wirtschaft \u25aa Soziales \u2013 Ein Tour d\u00b4Horizon\u201c. Die Veranstaltung findet am Mittwoch, den 09. Mai 2012 um 19:15 Uhr im Lyc\u00e9e Turenne, Sch\u00fctzenallee 31, 79102 Freiburg statt.<br \/>\nAb 18:00 Uhr besteht die M\u00f6glichkeit in Kleingruppen, max. 12 Personen, den Turm des Lycee Turenne in der Oberwiehre zu besteigen. Anmeldungen bis zum Vortag bitte unter <a href=\"mailto:foerderkreis.weg@weg-freiburg.de\">foerderkreis.weg@weg-freiburg.de<\/a> \u00a0an.<br \/>\n<!--more-->Der Wirtschafts- und Rentenexperte Prof. Dr. Bernd Raffelh\u00fcschen er\u00f6ffnet die Reihe mit einem Vortrag zum Thema \u201eDemographie \u25aa Wirtschaft \u25aa Soziales \u2013 Eine Tour d\u00b4Horizon\u201c.<br \/>\nProf. Dr. Bernd Raffelh\u00fcschen (geb. 1957, verheiratet, drei Kinder) ist Professor (80 %) f\u00fcr Finanzwissenschaft und Direktor des Forschungszentrums Generationenvertr\u00e4ge an der Albert-Ludwigs-Universit\u00e4t Freiburg und Prof. II. (10 %) an der Universit\u00e4t Bergen, Norwegen. Er studierte in Kiel, Berlin und Aarhus (D\u00e4nemark) Volkswirtschaftslehre und promovierte bzw. habilitierte in diesem Fach an der Universit\u00e4t Kiel. Zahlreiche Auslandsaufenthalte f\u00fchrten ihn u.a. in die USA aber auch immer wieder in die skandinavischen L\u00e4nder. Seine Forschungsschwerpunkte liegen in den Bereichen der Sozial- und Steuerpolitik, insbesondere der Alterssicherung, Gesundheits\u00f6konomie und Pflegevorsorge. Neben seiner Mitwirkung an internationalen Forschungsprojekten beteiligt er sich \u2013 zum Beispiel als Mitglied der R\u00fcrup-Kommission, der Kommission Steuergesetzbuch oder als Vorstand der Stiftung Marktwirtschaft \u2013 an Fragen der praktischen Sozialpolitik.\u00a0<br \/>\nProf. Dr. Bernd Raffelh\u00fcschen hat ausgerechnet, dass die Beitr\u00e4ge zur gesetzlichen Sozialversicherung ohne tief greifende Reformen <a title=\"Zukunft\" href=\"https:\/\/www.freiburg-schwarzwald.de\/blog\/engagement\/zukunft\/\">in drei\u00dfig Jahren <\/a>knapp zwei Drittel des Einkommens verschlingen. Der Wissenschaftler wendet die so genannte Generationenbilanzierung an, eine international bereits etablierte Form der volkswirtschaftlichen Rechnungslegung, die die Belastung k\u00fcnftiger Generationen berechnet. Raffelh\u00fcschens Fazit: Die Sozialkassen sind eine tickende Zeitbombe, deren Risiken bei weitem untersch\u00e4tzt werden: Insgesamt schlummern &#8211; statistisch unentdeckt &#8211; mehr als 4 Billionen Euro an Schuldenlast in diesen Kassen.<br \/>\nHans-E. Homlicher<\/p>\n","protected":false},"excerpt":{"rendered":"<p>&#8222;Turmgespr\u00e4che im Turenne&#8220; ist eine Vortragsreihe, die einmal im Jahr vom F\u00f6rderkreis f\u00fcr das Walter-Eucken-Gymnasium und Kaufm\u00e4nnische Schulen I e.V. organisiert wird.\u00a0 Im Rahmen dieser neuen Vortragsreihe des Walter-Eucken-Gymnasiums\u00a0referiert Prof. Dr. Bernd Raffelh\u00fcschen zum Thema \u201eDemographie \u25aa Wirtschaft \u25aa Soziales &hellip; <a href=\"https:\/\/www.freiburg-schwarzwald.de\/blog\/turmgespraeche-im-turenne-prof-raffelhueschen-zum-generationenvertrag\/\">Weiterlesen <span class=\"meta-nav\">&rarr;<\/span><\/a><\/p>\n","protected":false},"author":2,"featured_media":0,"comment_status":"open","ping_status":"closed","sticky":false,"template":"","format":"standard","meta":{"footnotes":""},"categories":[102,172],"tags":[170],"class_list":["post-2274","post","type-post","status-publish","format-standard","hentry","category-senioren","category-zukunft","tag-generationenvertrag"],"_links":{"self":[{"href":"https:\/\/www.freiburg-schwarzwald.de\/blog\/wp-json\/wp\/v2\/posts\/2274","targetHints":{"allow":["GET"]}}],"collection":[{"href":"https:\/\/www.freiburg-schwarzwald.de\/blog\/wp-json\/wp\/v2\/posts"}],"about":[{"href":"https:\/\/www.freiburg-schwarzwald.de\/blog\/wp-json\/wp\/v2\/types\/post"}],"author":[{"embeddable":true,"href":"https:\/\/www.freiburg-schwarzwald.de\/blog\/wp-json\/wp\/v2\/users\/2"}],"replies":[{"embeddable":true,"href":"https:\/\/www.freiburg-schwarzwald.de\/blog\/wp-json\/wp\/v2\/comments?post=2274"}],"version-history":[{"count":0,"href":"https:\/\/www.freiburg-schwarzwald.de\/blog\/wp-json\/wp\/v2\/posts\/2274\/revisions"}],"wp:attachment":[{"href":"https:\/\/www.freiburg-schwarzwald.de\/blog\/wp-json\/wp\/v2\/media?parent=2274"}],"wp:term":[{"taxonomy":"category","embeddable":true,"href":"https:\/\/www.freiburg-schwarzwald.de\/blog\/wp-json\/wp\/v2\/categories?post=2274"},{"taxonomy":"post_tag","embeddable":true,"href":"https:\/\/www.freiburg-schwarzwald.de\/blog\/wp-json\/wp\/v2\/tags?post=2274"}],"curies":[{"name":"wp","href":"https:\/\/api.w.org\/{rel}","templated":true}]}}