{"id":22640,"date":"2013-02-02T12:47:54","date_gmt":"2013-02-02T11:47:54","guid":{"rendered":"https:\/\/www.freiburg-schwarzwald.de\/blog\/?p=22640"},"modified":"2013-02-20T16:37:45","modified_gmt":"2013-02-20T15:37:45","slug":"haus-197-mit-barbara-weik","status":"publish","type":"post","link":"https:\/\/www.freiburg-schwarzwald.de\/blog\/haus-197-mit-barbara-weik\/","title":{"rendered":"Haus 197 mit Barbara Weik"},"content":{"rendered":"<p>Seit Oktober 2012 wir das <a title=\"Jugendtreffs\" href=\"https:\/\/www.freiburg-schwarzwald.de\/blog\/selbsthilfe\/jugend\/jugendtreffs\/\">Haus 197 <\/a>von Barbara Weik ge\u00adf\u00fchrt. Sie hat mit ihren 30 Jahren bereits einige Erfahrung-en im Bereich Kinder- und <a title=\"Jugend\" href=\"https:\/\/www.freiburg-schwarzwald.de\/blog\/selbsthilfe\/jugend\/\">Jugendarbeit<\/a> sammeln k\u00f6nnen. Ihre Initiativ\u00adbe\u00adwerbung im letzten Jahr kam gerade zur richtigen Zeit. Nachdem Alexandra Matulla, die ehemalige Ein\u00adrichtungsleiterin aus pers\u00f6nlichen Gr\u00fcnden die Stelle in verantwortungsvolle H\u00e4nde abgeben wollte, fiel die Wahl auf Barbara Weik. <!--more-->Sie hat einen Master in Religionswissenschaften, einen Bachelor in Kulturwissenschaften und einen Bachelor in P\u00e4dagogik. Ein Schwerpunkt ihres Studiums lag im Bereich \u201eInterkulturelle Kompetenz\u201c, was ihr bei den Ju\u00adgendli-chen, die das Haus 197 besuchen, sehr zugute kommt. \u201eIm Haus 197 arbeiten wir mit Kindern und Ju\u00adgend\u00adlichen unterschiedlichen Alters, Herkunft und mit un\u00adter\u00adschiedlichen Bed\u00fcrfnissen. So reicht das Programmspek\u00adtrum vom Basteln und Kochen bis hin zur Praktikumssuche und Bewerbungsschreiben. Die Arbeit ist sehr vielf\u00e4ltig und macht mir gro\u00dfe Freude. Ich habe schon w\u00e4hrend meines Studiums immer gerne mit Jugendlichen gearbeitet.\u201c<\/p>\n<p><a href=\"https:\/\/www.freiburg-schwarzwald.de\/blog\/haus-197-mit-barbara-weik\/weik-barbara1302\/\" rel=\"attachment wp-att-22641\"><img loading=\"lazy\" decoding=\"async\" class=\"alignnone size-thumbnail wp-image-22641\" title=\"weik-barbara1302\" src=\"https:\/\/www.freiburg-schwarzwald.de\/blog\/wp-content\/uploads\/2013\/02\/weik-barbara1302-180x121.jpg\" alt=\"\" width=\"180\" height=\"121\" srcset=\"https:\/\/www.freiburg-schwarzwald.de\/blog\/wp-content\/uploads\/2013\/02\/weik-barbara1302-180x121.jpg 180w, https:\/\/www.freiburg-schwarzwald.de\/blog\/wp-content\/uploads\/2013\/02\/weik-barbara1302.jpg 640w\" sizes=\"auto, (max-width: 180px) 100vw, 180px\" \/><\/a><\/p>\n<p>F\u00fchlt sich im Haus 197 sehr wohl. Die neue Leiterin Barbara Weik.Foto: Anja Lusch<\/p>\n<p>Zus\u00e4tzlich zu ihrer 65 % Stelle im Haus 197 unterrichtet Barbara Weik noch als Tanzp\u00e4dagogin und Yogalehrerin. In den letzten eineinhalb Jahren hat sie in Frankfurt im Ju\u00adgend\u00adhaus Heideplatz gearbeitet, ein sehr gro\u00dfes Jugend\u00adzen\u00adtrum im Vergleich zum Haus 197. \u201eEs gef\u00e4llt mir hier sehr gut, ich finde das Haus 197 gem\u00fctlich. Der Vorteil ist, dass ich mit den Jugendlichen besser als in einem gro\u00dfen Haus in Beziehung treten kann. Ich kenne die meisten von ihnen, viele kommen regelm\u00e4\u00dfig her.\u201c Mittlerweile hat Barbara Weik sich eingew\u00f6hnt. \u201cVom Vorstand des Jugend- und B\u00fcr\u00adgerforums 197 e.V., von der ehemaligen Leiterin Ale\u00adxan\u00addra Matulla, von den Honorarkr\u00e4ften und von den Mit\u00adar\u00adbeiter\/innen der anderen Einrichtungen f\u00fcr Jugend\u00adso\u00adzial\u00adar\u00adbeit in Freiburg wurde ich sehr freundlich aufgenommen. Alexandra Matulla war noch einige Zeit bei der \u00dcbergabe da\u00adbei, sodass sie mich gr\u00fcndlich einarbeiten konnte\u201c, so Bar\u00adbara Weik.<\/p>\n<p>Sie ist die einzige Festangestellte und immer zu den \u00d6ff\u00adnungszeiten anwesend. Unterst\u00fctzt wird sie dabei von eini\u00adgen Honorarkr\u00e4ften, sodass immer mindestens zwei Er\u00adwach\u00adsene bei den Kindern und Jugendlichen sind. Das ist auch n\u00f6tig, denn es kommen t\u00e4glich bis zu 25 Kinder und Ju\u00adgendliche, welche die Einrichtung und die Angebote nutz\u00aden. Das Haus hat 18 Stunden in der Woche ge\u00f6ffnet. \u201eIch bin immer f\u00fcr die Kinder da, wenn das Haus ge\u00f6ffnet hat. Die Verwaltungsarbeit erledige ich in der Regel vor\u00admitt\u00adags. Gerne w\u00fcrde ich Elternarbeit betreiben und Ju\u00adgend\u00adliche mit besonderen Bed\u00fcrfnissen mehr unterst\u00fctzen. Manchmal begleite ich die Kinder auch bei der Jobsuche oder auf \u00c4mter. Auch da w\u00e4re noch mehr Bedarf, aber von der Zeit her kann ich das leider mit meiner begrenzten Stelle nicht leisten\u201c, meint Barbara Weik.\u00a0<br \/>\nBe\u00adw\u00e4hrt haben sich die M\u00e4dchen und Jungentage mitt\u00adwochs und freitags. Die \u00e4lteren M\u00e4dchen ab 12 Jahren ge\u00adnie\u00dfen au\u00dferdem den Donnerstagabend von 18 bis 20 Uhr. Dort k\u00f6nnen sie ungest\u00f6rt reden, kochen, Filme schauen oder selbst etwas herstellen. Mittwochnachmittag holt Bar\u00adbara Weik einige M\u00e4dchen aus der Reinhold-Schneider Schule zum M\u00e4dchentag ab. F\u00fcr alle M\u00e4dchen ab 11 Jahren findet mittwochs von 16.45 bis 17.45 Uhr ein Hip-Hop-Kurs statt. Der Kurs wird von Vera St\u00f6ckle, einer er\u00adfahr\u00ade\u00adnen Tanzp\u00e4dagogin durchgef\u00fchrt. Das Programm im Haus 197 hat sich bew\u00e4hrt und soll im Prinzip so bleiben. Er\u00adg\u00e4nzt wird es durch gelegentliche Zusatzangebote. Das Au\u00df\u00adengel\u00e4nde und die unteren R\u00e4ume sollen noch etwas um\u00adgestaltet werden. Die Suche nach einem Bauwagen f\u00fcr die \u00c4lteren geht weiter.<\/p>\n<p>\u00d6ffnungszeiten: Montag, Dienstag und Donnerstag, 15.00 bis 18.00 Uhr, Offene T\u00fcr, f\u00fcr alle von 6 bis 18 Jahren; Montag, 18.00 bis 21.00 Uhr Offene T\u00fcr f\u00fcr alle ab 14 J.; Mittwoch: M\u00e4dchentag, 15.00 bis 18.00 Uhr;<br \/>\nFreitag: Jungentag, 15.00 bis 18.00 Uhr<br \/>\nHaus 197, Schwarzwaldstr. 197, <a href=\"https:\/\/www.haus197.de\/\">www.haus197.de<\/a><\/p>\n<p>Dr. Anja Lusch, 1.2.2013, <a title=\"Littenweiler-Dorfblatt\" href=\"https:\/\/www.freiburg-schwarzwald.de\/blog\/regio\/freiburg\/littenweiler\/littenweiler-dorfblatt\/\">Littenweiler Dorfblatt<\/a><\/p>\n<p align=\"right\">\u00a0<\/p>\n<p>&nbsp;<\/p>\n<p>&nbsp;<\/p>\n","protected":false},"excerpt":{"rendered":"<p>Seit Oktober 2012 wir das Haus 197 von Barbara Weik ge\u00adf\u00fchrt. Sie hat mit ihren 30 Jahren bereits einige Erfahrung-en im Bereich Kinder- und Jugendarbeit sammeln k\u00f6nnen. Ihre Initiativ\u00adbe\u00adwerbung im letzten Jahr kam gerade zur richtigen Zeit. Nachdem Alexandra Matulla, &hellip; <a href=\"https:\/\/www.freiburg-schwarzwald.de\/blog\/haus-197-mit-barbara-weik\/\">Weiterlesen <span class=\"meta-nav\">&rarr;<\/span><\/a><\/p>\n","protected":false},"author":4,"featured_media":0,"comment_status":"open","ping_status":"closed","sticky":false,"template":"","format":"standard","meta":{"footnotes":""},"categories":[60],"tags":[322,512],"class_list":["post-22640","post","type-post","status-publish","format-standard","hentry","category-jugend","tag-jugendbegleiter","tag-jugendtreff"],"_links":{"self":[{"href":"https:\/\/www.freiburg-schwarzwald.de\/blog\/wp-json\/wp\/v2\/posts\/22640","targetHints":{"allow":["GET"]}}],"collection":[{"href":"https:\/\/www.freiburg-schwarzwald.de\/blog\/wp-json\/wp\/v2\/posts"}],"about":[{"href":"https:\/\/www.freiburg-schwarzwald.de\/blog\/wp-json\/wp\/v2\/types\/post"}],"author":[{"embeddable":true,"href":"https:\/\/www.freiburg-schwarzwald.de\/blog\/wp-json\/wp\/v2\/users\/4"}],"replies":[{"embeddable":true,"href":"https:\/\/www.freiburg-schwarzwald.de\/blog\/wp-json\/wp\/v2\/comments?post=22640"}],"version-history":[{"count":0,"href":"https:\/\/www.freiburg-schwarzwald.de\/blog\/wp-json\/wp\/v2\/posts\/22640\/revisions"}],"wp:attachment":[{"href":"https:\/\/www.freiburg-schwarzwald.de\/blog\/wp-json\/wp\/v2\/media?parent=22640"}],"wp:term":[{"taxonomy":"category","embeddable":true,"href":"https:\/\/www.freiburg-schwarzwald.de\/blog\/wp-json\/wp\/v2\/categories?post=22640"},{"taxonomy":"post_tag","embeddable":true,"href":"https:\/\/www.freiburg-schwarzwald.de\/blog\/wp-json\/wp\/v2\/tags?post=22640"}],"curies":[{"name":"wp","href":"https:\/\/api.w.org\/{rel}","templated":true}]}}