{"id":22604,"date":"2013-02-04T21:13:31","date_gmt":"2013-02-04T20:13:31","guid":{"rendered":"https:\/\/www.freiburg-schwarzwald.de\/blog\/?p=22604"},"modified":"2024-04-23T15:10:36","modified_gmt":"2024-04-23T13:10:36","slug":"seniorenrat-bruno-koebele","status":"publish","type":"post","link":"https:\/\/www.freiburg-schwarzwald.de\/blog\/seniorenrat-bruno-koebele\/","title":{"rendered":"Seniorenrat Bruno Koebele"},"content":{"rendered":"<p>gel\u00f6scht 19.4.2024<br \/>\n&#8230; Alles vom 4.2.2013 bitte lesen im Littenweiler Dorfblatt Februar 2013, S. 7<\/p>\n<p><!--more--><\/p>\n<p><a href=\"https:\/\/www.freiburg-schwarzwald.de\/blog\/seniorenrat-bruno-koebele\/koebele-bruno1302\/\" rel=\"attachment wp-att-22605\"><img loading=\"lazy\" decoding=\"async\" class=\"alignnone size-thumbnail wp-image-22605\" title=\"koebele-bruno1302\" src=\"https:\/\/www.freiburg-schwarzwald.de\/blog\/wp-content\/uploads\/2013\/02\/koebele-bruno1302-173x180.jpg\" alt=\"\" width=\"173\" height=\"180\" srcset=\"https:\/\/www.freiburg-schwarzwald.de\/blog\/wp-content\/uploads\/2013\/02\/koebele-bruno1302-173x180.jpg 173w, https:\/\/www.freiburg-schwarzwald.de\/blog\/wp-content\/uploads\/2013\/02\/koebele-bruno1302.jpg 480w\" sizes=\"auto, (max-width: 173px) 100vw, 173px\" \/><\/a><\/p>\n<p>Bruno K\u00f6bele ebnet Wege, rei\u00dft Mauern ein und setzt sich mit seiner Menschlichkeit f\u00fcr Andere ein. Foto: privat<\/p>\n<p>&nbsp;<\/p>\n","protected":false},"excerpt":{"rendered":"<p>gel\u00f6scht 19.4.2024 &#8230; Alles vom 4.2.2013 bitte lesen im Littenweiler Dorfblatt Februar 2013, S. 7<\/p>\n","protected":false},"author":4,"featured_media":0,"comment_status":"open","ping_status":"closed","sticky":false,"template":"","format":"standard","meta":{"footnotes":""},"categories":[235,283],"tags":[337],"class_list":["post-22604","post","type-post","status-publish","format-standard","hentry","category-geschichte","category-littenweiler","tag-historie"],"_links":{"self":[{"href":"https:\/\/www.freiburg-schwarzwald.de\/blog\/wp-json\/wp\/v2\/posts\/22604","targetHints":{"allow":["GET"]}}],"collection":[{"href":"https:\/\/www.freiburg-schwarzwald.de\/blog\/wp-json\/wp\/v2\/posts"}],"about":[{"href":"https:\/\/www.freiburg-schwarzwald.de\/blog\/wp-json\/wp\/v2\/types\/post"}],"author":[{"embeddable":true,"href":"https:\/\/www.freiburg-schwarzwald.de\/blog\/wp-json\/wp\/v2\/users\/4"}],"replies":[{"embeddable":true,"href":"https:\/\/www.freiburg-schwarzwald.de\/blog\/wp-json\/wp\/v2\/comments?post=22604"}],"version-history":[{"count":2,"href":"https:\/\/www.freiburg-schwarzwald.de\/blog\/wp-json\/wp\/v2\/posts\/22604\/revisions"}],"predecessor-version":[{"id":122953,"href":"https:\/\/www.freiburg-schwarzwald.de\/blog\/wp-json\/wp\/v2\/posts\/22604\/revisions\/122953"}],"wp:attachment":[{"href":"https:\/\/www.freiburg-schwarzwald.de\/blog\/wp-json\/wp\/v2\/media?parent=22604"}],"wp:term":[{"taxonomy":"category","embeddable":true,"href":"https:\/\/www.freiburg-schwarzwald.de\/blog\/wp-json\/wp\/v2\/categories?post=22604"},{"taxonomy":"post_tag","embeddable":true,"href":"https:\/\/www.freiburg-schwarzwald.de\/blog\/wp-json\/wp\/v2\/tags?post=22604"}],"curies":[{"name":"wp","href":"https:\/\/api.w.org\/{rel}","templated":true}]}}