{"id":22518,"date":"2013-02-18T22:13:41","date_gmt":"2013-02-18T21:13:41","guid":{"rendered":"https:\/\/www.freiburg-schwarzwald.de\/blog\/?p=22518"},"modified":"2013-05-13T07:51:09","modified_gmt":"2013-05-13T05:51:09","slug":"wasserprivatisierung-in-eu","status":"publish","type":"post","link":"https:\/\/www.freiburg-schwarzwald.de\/blog\/wasserprivatisierung-in-eu\/","title":{"rendered":"Wasserprivatisierung in EU"},"content":{"rendered":"<p>Die<a title=\"Buergerinitiativen\" href=\"https:\/\/www.freiburg-schwarzwald.de\/blog\/engagement\/buergerinitiativen\/\"> Petition <\/a>gegen <a title=\"Wasser\" href=\"https:\/\/www.freiburg-schwarzwald.de\/blog\/natur\/wasser\/\">Wasserprivatisierung<\/a> der <a title=\"EBI\" href=\"https:\/\/www.freiburg-schwarzwald.de\/blog\/global\/eu\/ebi\/\">Europ\u00e4ische B\u00fcrgerinitiative <\/a>(EBI) <a href=\"https:\/\/www.right2water.eu\/\">Right 2 Water<\/a> hat am Wochenende die\u00a0von der\u00a0EU-Kommission geforderten Millionenh\u00fcrde \u00fcberschritten.\u00a0Die meisten Unterschriften kommen aus Deutschland, \u00d6sterreich und Belgien. F\u00fcr eine G\u00fcltigkeit fehlen aber \u00a0noch Unterschriften aus vier weiteren EU-Mitgliedsl\u00e4ndern. Nun setzt man vor allem auf Italien und Spanien.<!--more--><\/p>\n<div>\u00a0.<\/div>\n","protected":false},"excerpt":{"rendered":"<p>Die Petition gegen Wasserprivatisierung der Europ\u00e4ische B\u00fcrgerinitiative (EBI) Right 2 Water hat am Wochenende die\u00a0von der\u00a0EU-Kommission geforderten Millionenh\u00fcrde \u00fcberschritten.\u00a0Die meisten Unterschriften kommen aus Deutschland, \u00d6sterreich und Belgien. F\u00fcr eine G\u00fcltigkeit fehlen aber \u00a0noch Unterschriften aus vier weiteren EU-Mitgliedsl\u00e4ndern. Nun setzt &hellip; <a href=\"https:\/\/www.freiburg-schwarzwald.de\/blog\/wasserprivatisierung-in-eu\/\">Weiterlesen <span class=\"meta-nav\">&rarr;<\/span><\/a><\/p>\n","protected":false},"author":4,"featured_media":0,"comment_status":"open","ping_status":"closed","sticky":false,"template":"","format":"standard","meta":{"footnotes":""},"categories":[154,195,378],"tags":[241],"class_list":["post-22518","post","type-post","status-publish","format-standard","hentry","category-ernaehrung","category-eu","category-fluss","tag-grundwasser"],"_links":{"self":[{"href":"https:\/\/www.freiburg-schwarzwald.de\/blog\/wp-json\/wp\/v2\/posts\/22518","targetHints":{"allow":["GET"]}}],"collection":[{"href":"https:\/\/www.freiburg-schwarzwald.de\/blog\/wp-json\/wp\/v2\/posts"}],"about":[{"href":"https:\/\/www.freiburg-schwarzwald.de\/blog\/wp-json\/wp\/v2\/types\/post"}],"author":[{"embeddable":true,"href":"https:\/\/www.freiburg-schwarzwald.de\/blog\/wp-json\/wp\/v2\/users\/4"}],"replies":[{"embeddable":true,"href":"https:\/\/www.freiburg-schwarzwald.de\/blog\/wp-json\/wp\/v2\/comments?post=22518"}],"version-history":[{"count":0,"href":"https:\/\/www.freiburg-schwarzwald.de\/blog\/wp-json\/wp\/v2\/posts\/22518\/revisions"}],"wp:attachment":[{"href":"https:\/\/www.freiburg-schwarzwald.de\/blog\/wp-json\/wp\/v2\/media?parent=22518"}],"wp:term":[{"taxonomy":"category","embeddable":true,"href":"https:\/\/www.freiburg-schwarzwald.de\/blog\/wp-json\/wp\/v2\/categories?post=22518"},{"taxonomy":"post_tag","embeddable":true,"href":"https:\/\/www.freiburg-schwarzwald.de\/blog\/wp-json\/wp\/v2\/tags?post=22518"}],"curies":[{"name":"wp","href":"https:\/\/api.w.org\/{rel}","templated":true}]}}