{"id":22050,"date":"2013-02-11T18:52:09","date_gmt":"2013-02-11T17:52:09","guid":{"rendered":"https:\/\/www.freiburg-schwarzwald.de\/blog\/?p=22050"},"modified":"2015-04-10T08:34:45","modified_gmt":"2015-04-10T06:34:45","slug":"werner-kaestle-ausgezeichnet-mit-bundesverdienstkreuz","status":"publish","type":"post","link":"https:\/\/www.freiburg-schwarzwald.de\/blog\/werner-kaestle-ausgezeichnet-mit-bundesverdienstkreuz\/","title":{"rendered":"Werner Kaestle ausgezeichnet mit Bundesverdienstkreuz"},"content":{"rendered":"<p>Am Tag des <a title=\"Ehrenamt\" href=\"https:\/\/www.freiburg-schwarzwald.de\/blog\/engagement\/ehrenamt\/\">Ehrenamts<\/a> wurde\u00a0Werner K\u00e4stle aus Freiburg-St.Georgen mit dem Bundesverdienstkreuz ausgezeichnet f\u00fcr seine Verdienste: 65 Jahre <a title=\"Naturschutz\" href=\"https:\/\/www.freiburg-schwarzwald.de\/blog\/natur\/naturschutz\/\">Naturschutzwart<\/a> , Initiator des Orchideen-Standorts Jennetal am Sch\u00f6nberg, <a title=\"Buch\" href=\"https:\/\/www.freiburg-schwarzwald.de\/blog\/kultur\/dichter\/literatur\/buch\/\">Autor<\/a> von \u00fcber einem Dutzend <a title=\"Wandern\" href=\"https:\/\/www.freiburg-schwarzwald.de\/blog\/sport\/wandern\/\">Wanderf\u00fchrer<\/a>, aktives Mitglied <a title=\"Schwarzwaldverein\" href=\"https:\/\/www.freiburg-schwarzwald.de\/blog\/vereine\/wandervereine\/schwarzwaldverein\/\">Schwarzwaldverein<\/a> sowie Verein der Naturfreunde, Unterst\u00fctzung des Forstamts nach dem Sturm Lothar, Fachberater f\u00fcr Verkehrserziehung (sichere Schulwege), zweiter Vorsitzender im Freiburger Verkehrsforum.<!--more--><\/p>\n<p>Mit seinem lebenslangen Engagement ist Werner K\u00e4stle ein gro\u00dfes Vorbild f\u00fcr Alt und Jung.<\/p>\n<p>Das neueste Wanderbuch von Werner K\u00e4stle:<br \/>\nEntlang der Dreisam und in die Gebiete ihrer Zufl\u00fcsse<br \/>\n300 Seiten , 33. Skizzen, 7,50 Euro , Schillinger Verlag Freiburg<br \/>\nISBN 978-3-89155-373-2, Februar 2013<\/p>\n","protected":false},"excerpt":{"rendered":"<p>Am Tag des Ehrenamts wurde\u00a0Werner K\u00e4stle aus Freiburg-St.Georgen mit dem Bundesverdienstkreuz ausgezeichnet f\u00fcr seine Verdienste: 65 Jahre Naturschutzwart , Initiator des Orchideen-Standorts Jennetal am Sch\u00f6nberg, Autor von \u00fcber einem Dutzend Wanderf\u00fchrer, aktives Mitglied Schwarzwaldverein sowie Verein der Naturfreunde, Unterst\u00fctzung des &hellip; <a href=\"https:\/\/www.freiburg-schwarzwald.de\/blog\/werner-kaestle-ausgezeichnet-mit-bundesverdienstkreuz\/\">Weiterlesen <span class=\"meta-nav\">&rarr;<\/span><\/a><\/p>\n","protected":false},"author":4,"featured_media":0,"comment_status":"open","ping_status":"closed","sticky":false,"template":"","format":"standard","meta":{"footnotes":""},"categories":[54,139,122,126],"tags":[717,289],"class_list":["post-22050","post","type-post","status-publish","format-standard","hentry","category-ehrenamt","category-heimat","category-wandern","category-wandervereine","tag-ehrenamt","tag-preis"],"_links":{"self":[{"href":"https:\/\/www.freiburg-schwarzwald.de\/blog\/wp-json\/wp\/v2\/posts\/22050","targetHints":{"allow":["GET"]}}],"collection":[{"href":"https:\/\/www.freiburg-schwarzwald.de\/blog\/wp-json\/wp\/v2\/posts"}],"about":[{"href":"https:\/\/www.freiburg-schwarzwald.de\/blog\/wp-json\/wp\/v2\/types\/post"}],"author":[{"embeddable":true,"href":"https:\/\/www.freiburg-schwarzwald.de\/blog\/wp-json\/wp\/v2\/users\/4"}],"replies":[{"embeddable":true,"href":"https:\/\/www.freiburg-schwarzwald.de\/blog\/wp-json\/wp\/v2\/comments?post=22050"}],"version-history":[{"count":0,"href":"https:\/\/www.freiburg-schwarzwald.de\/blog\/wp-json\/wp\/v2\/posts\/22050\/revisions"}],"wp:attachment":[{"href":"https:\/\/www.freiburg-schwarzwald.de\/blog\/wp-json\/wp\/v2\/media?parent=22050"}],"wp:term":[{"taxonomy":"category","embeddable":true,"href":"https:\/\/www.freiburg-schwarzwald.de\/blog\/wp-json\/wp\/v2\/categories?post=22050"},{"taxonomy":"post_tag","embeddable":true,"href":"https:\/\/www.freiburg-schwarzwald.de\/blog\/wp-json\/wp\/v2\/tags?post=22050"}],"curies":[{"name":"wp","href":"https:\/\/api.w.org\/{rel}","templated":true}]}}