{"id":2202,"date":"2012-04-24T10:24:18","date_gmt":"2012-04-24T10:24:18","guid":{"rendered":"https:\/\/www.freiburg-schwarzwald.de\/blog\/?p=2202"},"modified":"2012-04-24T14:30:06","modified_gmt":"2012-04-24T14:30:06","slug":"plastiktutenprojekt-der-pestalozzischule-am-augustinerplatz","status":"publish","type":"post","link":"https:\/\/www.freiburg-schwarzwald.de\/blog\/plastiktutenprojekt-der-pestalozzischule-am-augustinerplatz\/","title":{"rendered":"Plastikt\u00fctenprojekt der Pestalozzischule am Augustinerplatz"},"content":{"rendered":"<p>Im Rahmen des Umweltwettbewerbs &#8222;Ich tu was&#8220; der Stadt Freiburg haben 22 Sch\u00fclerinnen der Klassen 6a und 6b der Pestalozzischule\u00a0am 23.4.2012 500 Plastikt\u00fcten auf dem Augustinerplatz ausgelegt &#8211; so viele T\u00fcten verschwendet jeder Bundesb\u00fcrger im Durchschnitt pro Jahr. Eva Georg vom Verein Planetenkinder in der Projekteinf\u00fchrung: Erst nach 400 Jahren zersetzen sich die aus <a title=\"Energie\" href=\"https:\/\/www.freiburg-schwarzwald.de\/blog\/energie\/\">Erd\u00f6l<\/a> hergestellten Plastiks. Nur ca 25 Minuten ist eine T\u00fcte im Einsatz, dann landet sie im M\u00fcll oder Rinnstein. In den Ozeanen ist 6 mal so viel Plastik als Plankton vorhanden.\u00a0In Italien sind Plastikt\u00fcten seit 2011 verboten, auch bei uns sollte man der <a title=\"Umwelt\" href=\"https:\/\/www.freiburg-schwarzwald.de\/blog\/natur\/umwelt\/\">Umwelt<\/a> zuliebe besser <a title=\"Sparsamkeit\" href=\"https:\/\/www.freiburg-schwarzwald.de\/blog\/engagement\/sparsamkeit\/\">Sparsamkeit <\/a>\u00fcben und Stofft\u00fcten beim Einkaufen verwenden.<\/p>\n","protected":false},"excerpt":{"rendered":"<p>Im Rahmen des Umweltwettbewerbs &#8222;Ich tu was&#8220; der Stadt Freiburg haben 22 Sch\u00fclerinnen der Klassen 6a und 6b der Pestalozzischule\u00a0am 23.4.2012 500 Plastikt\u00fcten auf dem Augustinerplatz ausgelegt &#8211; so viele T\u00fcten verschwendet jeder Bundesb\u00fcrger im Durchschnitt pro Jahr. Eva Georg &hellip; <a href=\"https:\/\/www.freiburg-schwarzwald.de\/blog\/plastiktutenprojekt-der-pestalozzischule-am-augustinerplatz\/\">Weiterlesen <span class=\"meta-nav\">&rarr;<\/span><\/a><\/p>\n","protected":false},"author":2,"featured_media":0,"comment_status":"open","ping_status":"closed","sticky":false,"template":"","format":"standard","meta":{"footnotes":""},"categories":[173,68],"tags":[169,168],"class_list":["post-2202","post","type-post","status-publish","format-standard","hentry","category-sparsamkeit","category-umwelt","tag-mull","tag-plastik"],"_links":{"self":[{"href":"https:\/\/www.freiburg-schwarzwald.de\/blog\/wp-json\/wp\/v2\/posts\/2202","targetHints":{"allow":["GET"]}}],"collection":[{"href":"https:\/\/www.freiburg-schwarzwald.de\/blog\/wp-json\/wp\/v2\/posts"}],"about":[{"href":"https:\/\/www.freiburg-schwarzwald.de\/blog\/wp-json\/wp\/v2\/types\/post"}],"author":[{"embeddable":true,"href":"https:\/\/www.freiburg-schwarzwald.de\/blog\/wp-json\/wp\/v2\/users\/2"}],"replies":[{"embeddable":true,"href":"https:\/\/www.freiburg-schwarzwald.de\/blog\/wp-json\/wp\/v2\/comments?post=2202"}],"version-history":[{"count":0,"href":"https:\/\/www.freiburg-schwarzwald.de\/blog\/wp-json\/wp\/v2\/posts\/2202\/revisions"}],"wp:attachment":[{"href":"https:\/\/www.freiburg-schwarzwald.de\/blog\/wp-json\/wp\/v2\/media?parent=2202"}],"wp:term":[{"taxonomy":"category","embeddable":true,"href":"https:\/\/www.freiburg-schwarzwald.de\/blog\/wp-json\/wp\/v2\/categories?post=2202"},{"taxonomy":"post_tag","embeddable":true,"href":"https:\/\/www.freiburg-schwarzwald.de\/blog\/wp-json\/wp\/v2\/tags?post=2202"}],"curies":[{"name":"wp","href":"https:\/\/api.w.org\/{rel}","templated":true}]}}