{"id":21996,"date":"2013-02-11T14:08:46","date_gmt":"2013-02-11T13:08:46","guid":{"rendered":"https:\/\/www.freiburg-schwarzwald.de\/blog\/?p=21996"},"modified":"2013-02-11T14:24:02","modified_gmt":"2013-02-11T13:24:02","slug":"antibiotika-zu-80-im-viehfutter","status":"publish","type":"post","link":"https:\/\/www.freiburg-schwarzwald.de\/blog\/antibiotika-zu-80-im-viehfutter\/","title":{"rendered":"Antibiotika zu 80% im Viehfutter"},"content":{"rendered":"<div id=\"blocon\">\n<div id=\"blocon\">\n<p>In 2011 wurden in den USA 3.490 t <a title=\"Ernaehrung\" href=\"https:\/\/www.freiburg-schwarzwald.de\/blog\/natur\/ernaehrung\/\">Antibiotika<\/a> als\u00a0Arzneimittel verschrieben, w\u00e4hrend 13.600 t Antibiotika ins Viehfutter beigegeben wurden. Somit wurden 80 % der Antibiotika von der <a title=\"Vegetarisch\" href=\"https:\/\/www.freiburg-schwarzwald.de\/blog\/natur\/ernaehrung\/vegetarisch\/\">Fleischindustrie<\/a> an Masttiere verf\u00fcttert. Diese schlimmen Zahlen meldet das\u00a0Food and Drug Administration\u00a0FDA als\u00a0Amt f\u00fcr Lebensmittel\u00fcberwachung <a href=\"https:\/\/www.fda.gov\">www.fda.gov<\/a>. Das Risiko der Antibiotika-Resistenz w\u00e4chst rasant: <!--more--><\/p>\n<div id=\"blocon\">\n<p>78 % der Salmonellen im USA-Putenfleisch (Ground Turkey) sind gegen mindestens ein Antibiotikum resistent und 50 % gegen\u00fcber mindestens drei.\u00a012 % der Fleischsorten weisen Salmonellen auf.\u00a0Fleisch und Gefl\u00fcgel sind nicht nur in den USA zunehmend mit multiresistenten Bakterien kontaminiert.\u00a0In der EU sieht es antiiotikam\u00e4\u00dfig nicht viel besser aus. Nur in D\u00e4nemark sind Antiobiotika-Beigaben im Viehfutter g\u00e4nzlich untersagt. In Deutschland f\u00fcrfen seit 2006 Antibiotika nicht mehr in der\u00a0Tierzucht\u00a0zur Wachstumsf\u00f6rderung, sondern nur noch als Medizin gegeben werden.<br \/>\n11.2.2013<\/p>\n<\/div>\n<\/div>\n<p><strong>Wenn das H\u00e4hnchen zur &#8222;Medizin&#8220; wird<\/strong><br \/>\n&#8222;Doch die Grenze zwischen Gebrauch und Missbrauch ist flie\u00dfend: &#8222;\u00dcberall dort, wo Antibiotika im Futter verboten worden sind, hat man festgestellt, dass die Menge der Antibiotika, die bei Tieren eingesetzt werden, nicht gesunken ist&#8220;, sagt Experte Tillmann Uhlenlaut vom Bund f\u00fcr Umwelt und Naturschutz Deutschland (BUND). &#8222;Sie sind halt eben als Medikament verabreicht worden und nicht \u00fcber das Futter. &#8230;.&#8220;<br \/>\nAlles vom 19.9.2012 bitte lesen auf <a href=\"https:\/\/www.br.de\/themen\/ratgeber\/inhalt\/gesundheit\/antibiotika-tierzucht-huehner100.html\">https:\/\/www.br.de\/themen\/ratgeber\/inhalt\/gesundheit\/antibiotika-tierzucht-huehner100.html<\/a><\/p>\n<\/div>\n","protected":false},"excerpt":{"rendered":"<p>In 2011 wurden in den USA 3.490 t Antibiotika als\u00a0Arzneimittel verschrieben, w\u00e4hrend 13.600 t Antibiotika ins Viehfutter beigegeben wurden. Somit wurden 80 % der Antibiotika von der Fleischindustrie an Masttiere verf\u00fcttert. Diese schlimmen Zahlen meldet das\u00a0Food and Drug Administration\u00a0FDA als\u00a0Amt &hellip; <a href=\"https:\/\/www.freiburg-schwarzwald.de\/blog\/antibiotika-zu-80-im-viehfutter\/\">Weiterlesen <span class=\"meta-nav\">&rarr;<\/span><\/a><\/p>\n","protected":false},"author":4,"featured_media":0,"comment_status":"open","ping_status":"closed","sticky":false,"template":"","format":"standard","meta":{"footnotes":""},"categories":[154,101],"tags":[423,466],"class_list":["post-21996","post","type-post","status-publish","format-standard","hentry","category-ernaehrung","category-tiere","tag-lebensmittel","tag-tierschutz"],"_links":{"self":[{"href":"https:\/\/www.freiburg-schwarzwald.de\/blog\/wp-json\/wp\/v2\/posts\/21996","targetHints":{"allow":["GET"]}}],"collection":[{"href":"https:\/\/www.freiburg-schwarzwald.de\/blog\/wp-json\/wp\/v2\/posts"}],"about":[{"href":"https:\/\/www.freiburg-schwarzwald.de\/blog\/wp-json\/wp\/v2\/types\/post"}],"author":[{"embeddable":true,"href":"https:\/\/www.freiburg-schwarzwald.de\/blog\/wp-json\/wp\/v2\/users\/4"}],"replies":[{"embeddable":true,"href":"https:\/\/www.freiburg-schwarzwald.de\/blog\/wp-json\/wp\/v2\/comments?post=21996"}],"version-history":[{"count":0,"href":"https:\/\/www.freiburg-schwarzwald.de\/blog\/wp-json\/wp\/v2\/posts\/21996\/revisions"}],"wp:attachment":[{"href":"https:\/\/www.freiburg-schwarzwald.de\/blog\/wp-json\/wp\/v2\/media?parent=21996"}],"wp:term":[{"taxonomy":"category","embeddable":true,"href":"https:\/\/www.freiburg-schwarzwald.de\/blog\/wp-json\/wp\/v2\/categories?post=21996"},{"taxonomy":"post_tag","embeddable":true,"href":"https:\/\/www.freiburg-schwarzwald.de\/blog\/wp-json\/wp\/v2\/tags?post=21996"}],"curies":[{"name":"wp","href":"https:\/\/api.w.org\/{rel}","templated":true}]}}