{"id":21807,"date":"2013-02-08T11:35:28","date_gmt":"2013-02-08T10:35:28","guid":{"rendered":"https:\/\/www.freiburg-schwarzwald.de\/blog\/?p=21807"},"modified":"2013-03-12T10:59:42","modified_gmt":"2013-03-12T09:59:42","slug":"mikro-generator-am-imtek","status":"publish","type":"post","link":"https:\/\/www.freiburg-schwarzwald.de\/blog\/mikro-generator-am-imtek\/","title":{"rendered":"Mikro-Generator am IMTEK"},"content":{"rendered":"<p>Christoph Eichhorn hat in drei Jahren am <a title=\"Forschung\" href=\"https:\/\/www.freiburg-schwarzwald.de\/blog\/bildung\/forschung\/\">Institut f\u00fcr Mikrosystemtechnik IMTEK<\/a>\u00a0einen Mikro-Generator (5 cm lang und 1 cm breit) <a title=\"Innovation\" href=\"https:\/\/www.freiburg-schwarzwald.de\/blog\/innovation\/\">entwickelt<\/a>:\u00a0F\u00fcnf cm lang. Thema der Arbeit &#8222;Energieernte mit autarken, frequenz-adaptiven piezoelektrischen Generatoren&#8220;.\u00a0 Der 33j\u00e4hrige<a title=\"Zukunft\" href=\"https:\/\/www.freiburg-schwarzwald.de\/blog\/engagement\/zukunft\/\"> Forscher <\/a>erhielt\u00a0von der Uni Freiburg den Wolfgang-Gentner-Nachwuchsf\u00f6rderpreis und vom Londoner Institute of Physics als Highlight des Jahres den &#8222;IOP Select&#8220;. Eichhorn forscht inzwischen bei SAP in Karlsruhe.<!--more--><\/p>\n<p><strong>Worum geht es genau?<\/strong><br \/>\nChristoph Eichhorn: Es geht darum, Vibrationen auf den Oberfl\u00e4chen von Maschinen in elektrische Energie umzuwandeln, um damit kleine Ger\u00e4te, wie zum Beispiel drahtlose Temperatursensoren zu betreiben. Da solche Vibrationen sehr schwach sind, ist ein Resonator n\u00f6tig, um sie zu verst\u00e4rken. Und daf\u00fcr habe ich einen anpassungsf\u00e4higen Generator entwickelt, der die Eigenfrequenz seines Resonators automatisch auf die Umgebungsfrequenz abstimmen kann. Etwa so, wie eine Geige, die sich selbstst\u00e4ndig stimmt. &#8230;.<br \/>\nAlles vom 8.2.2013 bitte lesen auf<br \/>\n<a href=\"https:\/\/www.badische-zeitung.de\/freiburg\/viele-moeglichkeiten-das-leben-einfacher-zu-machen--68950413.html\">https:\/\/www.badische-zeitung.de\/freiburg\/viele-moeglichkeiten-das-leben-einfacher-zu-machen&#8211;68950413.html<\/a><\/p>\n<div><!-- RSPEAK_START --><!-- RSPEAK_STOP --><!-- RSPEAK_START --><strong>Energy Harvesting<br \/>\n<\/strong>Bei der\u00a0Energie-Ernte wird Umgebungsenergie genutzt, um kleine Verbraucher wie\u00a0Temperatursensoren oder Rauchmelder mit Strom zu versorgen. Der Vorteil: Keine Kabel\u00a0bzw. Batterien erforderlich.\u00a0Energiequellen sind Licht, W\u00e4rme, Bewegung\u00a0und chemische Energie &#8211; entsprechend der Umgebung wird der passende Generator gew\u00e4hlt.<br \/>\nExistierende Beispiele: Automatikuhren, in denen ein kleiner Generator Energie aus der Armbewegung gewinnt, um die Uhr zu anzutreiben, oder Parkscheinautomaten, die \u00fcber Solarzellen mit Strom versorgt werden.\u00a0<!-- RSPEAK_STOP -->\u00a0<br \/>\nZukunft: Drucksensoren in Autoreifen warnen den Fahrer vor einem Platten. Sensoren im Haushalt sparen Energie ein,\u00a0an Wasserleitungen \u00fcberwachen die Trinkwasserqualit\u00e4t oder auf Feldern\u00a0sorgen f\u00fcr gezieltes D\u00fcngen.<br \/>\nJe mehr solcher Sensornetze zum Einsatz kommen, desto dringlicher\u00a0stellt sich die Frage der Stromversorgung. Energy Harvesting liefert die Antwort. <!-- RSPEAK_STOP --><\/div>\n","protected":false},"excerpt":{"rendered":"<p>Christoph Eichhorn hat in drei Jahren am Institut f\u00fcr Mikrosystemtechnik IMTEK\u00a0einen Mikro-Generator (5 cm lang und 1 cm breit) entwickelt:\u00a0F\u00fcnf cm lang. Thema der Arbeit &#8222;Energieernte mit autarken, frequenz-adaptiven piezoelektrischen Generatoren&#8220;.\u00a0 Der 33j\u00e4hrige Forscher erhielt\u00a0von der Uni Freiburg den Wolfgang-Gentner-Nachwuchsf\u00f6rderpreis &hellip; <a href=\"https:\/\/www.freiburg-schwarzwald.de\/blog\/mikro-generator-am-imtek\/\">Weiterlesen <span class=\"meta-nav\">&rarr;<\/span><\/a><\/p>\n","protected":false},"author":4,"featured_media":0,"comment_status":"open","ping_status":"closed","sticky":false,"template":"","format":"standard","meta":{"footnotes":""},"categories":[317],"tags":[508,224,738,289,338],"class_list":["post-21807","post","type-post","status-publish","format-standard","hentry","category-forschung","tag-bastler","tag-erfinder","tag-forschung","tag-preis","tag-uni"],"_links":{"self":[{"href":"https:\/\/www.freiburg-schwarzwald.de\/blog\/wp-json\/wp\/v2\/posts\/21807","targetHints":{"allow":["GET"]}}],"collection":[{"href":"https:\/\/www.freiburg-schwarzwald.de\/blog\/wp-json\/wp\/v2\/posts"}],"about":[{"href":"https:\/\/www.freiburg-schwarzwald.de\/blog\/wp-json\/wp\/v2\/types\/post"}],"author":[{"embeddable":true,"href":"https:\/\/www.freiburg-schwarzwald.de\/blog\/wp-json\/wp\/v2\/users\/4"}],"replies":[{"embeddable":true,"href":"https:\/\/www.freiburg-schwarzwald.de\/blog\/wp-json\/wp\/v2\/comments?post=21807"}],"version-history":[{"count":0,"href":"https:\/\/www.freiburg-schwarzwald.de\/blog\/wp-json\/wp\/v2\/posts\/21807\/revisions"}],"wp:attachment":[{"href":"https:\/\/www.freiburg-schwarzwald.de\/blog\/wp-json\/wp\/v2\/media?parent=21807"}],"wp:term":[{"taxonomy":"category","embeddable":true,"href":"https:\/\/www.freiburg-schwarzwald.de\/blog\/wp-json\/wp\/v2\/categories?post=21807"},{"taxonomy":"post_tag","embeddable":true,"href":"https:\/\/www.freiburg-schwarzwald.de\/blog\/wp-json\/wp\/v2\/tags?post=21807"}],"curies":[{"name":"wp","href":"https:\/\/api.w.org\/{rel}","templated":true}]}}