{"id":21577,"date":"2013-02-05T18:45:59","date_gmt":"2013-02-05T17:45:59","guid":{"rendered":"https:\/\/www.freiburg-schwarzwald.de\/blog\/?p=21577"},"modified":"2013-02-05T18:50:49","modified_gmt":"2013-02-05T17:50:49","slug":"hochwasser-in-ried-und-illwald","status":"publish","type":"post","link":"https:\/\/www.freiburg-schwarzwald.de\/blog\/hochwasser-in-ried-und-illwald\/","title":{"rendered":"Hochwasser in Ried und Illwald"},"content":{"rendered":"<p>\u201eGutes Hochwasser\u201c:\u00a0Nach dem Weihnachtshochwasser 2012 gibt es jetzt Anfang Februar 2013\u00a0im\u00a0<a title=\"Elsass\" href=\"https:\/\/www.freiburg-schwarzwald.de\/blog\/regio\/elsass\/\">els\u00e4ssischen Ried<\/a> ein erneutes, au\u00dfergew\u00f6hnlich starkes <a title=\"Hochwasser\" href=\"https:\/\/www.freiburg-schwarzwald.de\/blog\/natur\/wasser\/hochwasser\/\">Hochwasser<\/a>. Das Gro\u00dfe Ried &#8222;Le Grand Ried&#8220; und der Illwald sind ein wertvolles, naturnahes Gebiet zwischen Stra\u00dfburg und <a title=\"Colmar-Freiburg\" href=\"https:\/\/www.freiburg-schwarzwald.de\/blog\/regio\/colmar-freiburg\/\">Colmar<\/a>. Insbesondere um S\u00e9l\u00e9stat und Muttersholtz sind Menschen und Natur an regelm\u00e4\u00dfige\u00a0 \u00dcberflutungen gew\u00f6hnt. Im Gegensatz zu den s\u00fcdbadischen B\u00e4chen Elz,\u00a0 Dreisam, <a title=\"Glottertal\" href=\"https:\/\/www.freiburg-schwarzwald.de\/blog\/regio\/orte\/glotttertal\/\">Glotter<\/a> und Kinzig wurde die franz\u00f6sische Ill <!--more-->nicht zu einem gerade gestreckten, kanalisierten, trostlosen, und naturfernen Kanal umgebaut, der Wasser schnell ableitet und flussabw\u00e4rts das Hochwasser\u00a0 verst\u00e4rkt. Auch im Elsass gab es Eindeichungspl\u00e4ne f\u00fcr die Ill, doch Alsace Nature und die franz\u00f6sische Umweltbewegung haben sich erfolgreich dagegen\u00a0gewehrt. Gro\u00dfe Sch\u00e4den bringen diese periodischen Normal-\u00dcberflutungen\u00a0nicht, denn die kellerlosen H\u00e4user wurden auf kleine H\u00fcgel gebaut und fast alle Bauten sind \u201ehochwasseroptimiert\u201c. Im Grand Ried kann man sehen, wie naturnaher Hochwasserschutz in seiner Idealform aussieht. Und das viele Wasser, das in der Ebene steht, entzerrt die Hochwasserspitzen am Rhein und l\u00e4uft bei gro\u00dfen Hochw\u00e4ssern rheinabw\u00e4rts den Menschen nicht in die Keller. Auch im Elsass kann ein Extremhochwasser Sch\u00e4den anrichten, doch dies geschieht sehr selten. In Deutschland und S\u00fcdbaden wurde in der Vergangenheit der umgekehrte\u00a0Weg gegangen und versucht, das Wasser und die Natur zu bezwingen. Es wurde kanalisiert und es wurden (und werden) Wohngebiete in die alten\u00a0 \u00dcberflutungsfl\u00e4chen vom Rhein und seinen Zufl\u00fcssen gebaut. Das Bauen im\u00a0Tiefgestade ist auch ein wichtiger Grund f\u00fcr den Widerstand gegen die Versuche im Rahmen des Integrierten Rheinprogramms IRP, Naturschutz mit\u00a0 Hochwasserschutz zu verbinden. Dazu kommt h\u00e4ufig die deutsche Angst vor\u00a0 Unordnung (auch) in der Natur und im Wald. &#8222;Els\u00e4ssische Verh\u00e4ltnisse\u201c sind in S\u00fcdbaden nicht mehr zu realisieren. Doch k\u00f6nnten die landschaftspr\u00e4genden Gew\u00e4sser unserer Heimat durch geeignete Ma\u00dfnahmen, insbesondere durch Dammr\u00fcckverlegungen \u00f6kologisch<br \/>\naufgewertet und ein St\u00fcck weit renaturiert werden. Es lohnt sich sehr, die stille, weite, sch\u00f6ne, \u00fcberflutete Landschaft<br \/>\ndes Grand Ried (am besten per Rad) zu besuchen, Natur, Landschaft und die Vogelwelt zu bewundern und zu sehen, wie Naturschutz und Hochwasserschutz zusammen geh\u00f6ren.<br \/>\n5.2.2013, Axel Mayer, BUND Gesch\u00e4ftsf\u00fchrer<\/p>\n<p><a href=\"https:\/\/www.freiburg-schwarzwald.de\/blog\/hochwasser-in-ried-und-illwald\/hochwasser-ried2013jan\/\" rel=\"attachment wp-att-21585\"><img loading=\"lazy\" decoding=\"async\" class=\"alignnone size-thumbnail wp-image-21585\" title=\"hochwasser-ried2013jan\" src=\"https:\/\/www.freiburg-schwarzwald.de\/blog\/wp-content\/uploads\/2013\/02\/hochwasser-ried2013jan-180x120.jpg\" alt=\"\" width=\"180\" height=\"120\" srcset=\"https:\/\/www.freiburg-schwarzwald.de\/blog\/wp-content\/uploads\/2013\/02\/hochwasser-ried2013jan-180x120.jpg 180w, https:\/\/www.freiburg-schwarzwald.de\/blog\/wp-content\/uploads\/2013\/02\/hochwasser-ried2013jan.jpg 567w\" sizes=\"auto, (max-width: 180px) 100vw, 180px\" \/><\/a>\u00a0\u00a0 Hochwasser in &#8222;Le grand Ried&#8220; Januar 2013 &#8211; Bild: Bund FR<\/p>\n<p><a href=\"https:\/\/vorort.bund.net\/suedlicher-oberrhein\/grosses-ried-elsass.html\">https:\/\/vorort.bund.net\/suedlicher-oberrhein\/grosses-ried-elsass.html<\/a><br \/>\n<a href=\"https:\/\/vorort.bund.net\/suedlicher-oberrhein\/biodiversitaet-oberrhein-suedbaden.html\">ttp:\/\/vorort.bund.net\/suedlicher-oberrhein\/biodiversitaet-oberrhein-suedbaden.html<\/a><br \/>\n<a href=\"https:\/\/vorort.bund.net\/suedlicher-oberrhein\/integriertes-rheinprogramm-irp.html\">https:\/\/vorort.bund.net\/suedlicher-oberrhein\/integriertes-rheinprogramm-irp.html<\/a><br \/>\n<a href=\"https:\/\/vorort.bund.net\/suedlicher-oberrhein\/elz-fluss.html\">ttp:\/\/vorort.bund.net\/suedlicher-oberrhein\/elz-fluss.html<\/a><\/p>\n","protected":false},"excerpt":{"rendered":"<p>\u201eGutes Hochwasser\u201c:\u00a0Nach dem Weihnachtshochwasser 2012 gibt es jetzt Anfang Februar 2013\u00a0im\u00a0els\u00e4ssischen Ried ein erneutes, au\u00dfergew\u00f6hnlich starkes Hochwasser. Das Gro\u00dfe Ried &#8222;Le Grand Ried&#8220; und der Illwald sind ein wertvolles, naturnahes Gebiet zwischen Stra\u00dfburg und Colmar. Insbesondere um S\u00e9l\u00e9stat und Muttersholtz &hellip; <a href=\"https:\/\/www.freiburg-schwarzwald.de\/blog\/hochwasser-in-ried-und-illwald\/\">Weiterlesen <span class=\"meta-nav\">&rarr;<\/span><\/a><\/p>\n","protected":false},"author":4,"featured_media":0,"comment_status":"open","ping_status":"closed","sticky":false,"template":"","format":"standard","meta":{"footnotes":""},"categories":[191,378,242],"tags":[241],"class_list":["post-21577","post","type-post","status-publish","format-standard","hentry","category-elsass","category-fluss","category-wasser","tag-grundwasser"],"_links":{"self":[{"href":"https:\/\/www.freiburg-schwarzwald.de\/blog\/wp-json\/wp\/v2\/posts\/21577","targetHints":{"allow":["GET"]}}],"collection":[{"href":"https:\/\/www.freiburg-schwarzwald.de\/blog\/wp-json\/wp\/v2\/posts"}],"about":[{"href":"https:\/\/www.freiburg-schwarzwald.de\/blog\/wp-json\/wp\/v2\/types\/post"}],"author":[{"embeddable":true,"href":"https:\/\/www.freiburg-schwarzwald.de\/blog\/wp-json\/wp\/v2\/users\/4"}],"replies":[{"embeddable":true,"href":"https:\/\/www.freiburg-schwarzwald.de\/blog\/wp-json\/wp\/v2\/comments?post=21577"}],"version-history":[{"count":0,"href":"https:\/\/www.freiburg-schwarzwald.de\/blog\/wp-json\/wp\/v2\/posts\/21577\/revisions"}],"wp:attachment":[{"href":"https:\/\/www.freiburg-schwarzwald.de\/blog\/wp-json\/wp\/v2\/media?parent=21577"}],"wp:term":[{"taxonomy":"category","embeddable":true,"href":"https:\/\/www.freiburg-schwarzwald.de\/blog\/wp-json\/wp\/v2\/categories?post=21577"},{"taxonomy":"post_tag","embeddable":true,"href":"https:\/\/www.freiburg-schwarzwald.de\/blog\/wp-json\/wp\/v2\/tags?post=21577"}],"curies":[{"name":"wp","href":"https:\/\/api.w.org\/{rel}","templated":true}]}}