{"id":21511,"date":"2013-02-05T09:41:40","date_gmt":"2013-02-05T08:41:40","guid":{"rendered":"https:\/\/www.freiburg-schwarzwald.de\/blog\/?p=21511"},"modified":"2013-02-05T10:02:45","modified_gmt":"2013-02-05T09:02:45","slug":"kunstkreativmarkt-in-zaehringen","status":"publish","type":"post","link":"https:\/\/www.freiburg-schwarzwald.de\/blog\/kunstkreativmarkt-in-zaehringen\/","title":{"rendered":"KunstKreativMarkt in Zaehringen"},"content":{"rendered":"<p>Der 4. Freiburger Kreativmarkt startet mit einigen Neuerungen in das Neue Jahr.\u00a0Auf vielfachen Wunsch der Besucher wurde der Bereich <a title=\"Hobby\" href=\"https:\/\/www.freiburg-schwarzwald.de\/blog\/kultur\/hobby\/\">kreatives Zubeh\u00f6r<\/a>\u00a0vergr\u00f6\u00dfert. So stellen erstmals in Freiburg einige Aussteller aus, die sonst nur auf den gro\u00dfen Kreativmessen in Deutschland vertreten sind. Passend zum Jahresstart bringen Sie die Neuesten Bastel- &amp; Kreativtrends f\u00fcr 2013 mit.\u00a0 Auch der Bereich Stoffe, Wolle, sowie Papiere und Grusskarten \u00a0pr\u00e4sentiert die neuesten Kollektionen f\u00fcr 2013<!--more--><\/p>\n<p>Jeweils von 11 bis 18 Uhr k\u00f6nnen sich die Besucher im B\u00fcrgerhaus inspirieren lassen und Ideen, neue Trends, die passenden Techniken kennenlernen und das n\u00f6tige Material dazu gleich erwerben. Neumann`s Paradiso bringt aus Mainz eine Riesenauswahl an Stoffen, Wolle, Kn\u00f6pfe und Zubeh\u00f6r mit. Die neuesten Patchworkstoffe mit dem entsprechenden Zubeh\u00f6r. Wolle, Garne und B\u00fccher runden das\u00a0 Angebot ab.\u00a0 Am Stand von Reinhold Jakob aus B\u00fcrstadt gibt es eine Riesenauswahl an antiken Kn\u00f6pfen und Perlen aus B\u00f6hmen. Gerade (Jung-) Designer\/innen umlagern schon in den fr\u00fchen Morgenstunden die Unikate. Den passenden antiken Modeschmuck kann frau nat\u00fcrlich gleich dazu erwerben.\u00a0Magicbeads aus den Niederlanden l\u00e4sst das \u201ePerlenherz\u201c h\u00f6her schlagen. Eine Riesenauswahl an Perlen, Steinen, Strass und Zubeh\u00f6r l\u00e4sst keine W\u00fcnsche offen und am Messestand des Ateliers im Kornmessehaus aus Ulm kann man im Workshop eigene Armb\u00e4nder aus Rocailles fertigen.\u00a0Auch der Bereich Bastelzubeh\u00f6r wurde vergr\u00f6ssert. Die Firma Kunterbunt aus M\u00f6mbris zeigt an Ihrem Messestand Bastelbedarf, Papiere, 3D Bogen, Sticker, Stanzer, Werkzeuge und mehr. Aus den Niederlanden bringen zwei weitere Aussteller das Neueste Bastelwerkzeug, Stanzer, Stempel \u00a0und Zubeh\u00f6r f\u00fcr 2013 mit. Scrapbooking erfreut sich immer gr\u00f6sserer Beliebtheit. Beim Workshop kann man hier schneiden, kleben und kreativ sein. Nat\u00fcrlich werden auch weitere Workshops w\u00e4hren der Messe angeboten Im Bereich hochwertiges Kunsthandwerk zeigen Mehrere Aussteller Ihre Unikate. Auch Design-Labels, Steindesign, und Designertaschen kann man erwerben.<br \/>\n4. Freiburger Kreativmarkt\u00a0 16.-17.2.2013, \u00d6ffnungszeiten: Sa. 11:00-18:00 Uhr, So. 11:00-18:00 Uhr<br \/>\nB\u00fcrgerhaus Z\u00e4hringen, Freiburg, Lameystrasse 2, 79108 Freiburg<br \/>\nEintritt: Erwachsene 3,- \u20ac, Sch\u00fcler ab 14 Jahren, Studenten, Rentner, schwerbehindert \u00a02,50 \u20ac, Kinder bis 13\u00a0frei.<br \/>\n5.2.2012, <a href=\"https:\/\/www.kunstundkreativmarkt.de\/\">www.kunstundkreativmarkt.de<\/a>,, email: <a href=\"mailto:kreativmessen@gmx.de\">kreativmessen@gmx.de<\/a><\/p>\n","protected":false},"excerpt":{"rendered":"<p>Der 4. Freiburger Kreativmarkt startet mit einigen Neuerungen in das Neue Jahr.\u00a0Auf vielfachen Wunsch der Besucher wurde der Bereich kreatives Zubeh\u00f6r\u00a0vergr\u00f6\u00dfert. So stellen erstmals in Freiburg einige Aussteller aus, die sonst nur auf den gro\u00dfen Kreativmessen in Deutschland vertreten sind. &hellip; <a href=\"https:\/\/www.freiburg-schwarzwald.de\/blog\/kunstkreativmarkt-in-zaehringen\/\">Weiterlesen <span class=\"meta-nav\">&rarr;<\/span><\/a><\/p>\n","protected":false},"author":4,"featured_media":0,"comment_status":"open","ping_status":"closed","sticky":false,"template":"","format":"standard","meta":{"footnotes":""},"categories":[427],"tags":[507,739,505],"class_list":["post-21511","post","type-post","status-publish","format-standard","hentry","category-markt","tag-kreativ","tag-markt","tag-messen"],"_links":{"self":[{"href":"https:\/\/www.freiburg-schwarzwald.de\/blog\/wp-json\/wp\/v2\/posts\/21511","targetHints":{"allow":["GET"]}}],"collection":[{"href":"https:\/\/www.freiburg-schwarzwald.de\/blog\/wp-json\/wp\/v2\/posts"}],"about":[{"href":"https:\/\/www.freiburg-schwarzwald.de\/blog\/wp-json\/wp\/v2\/types\/post"}],"author":[{"embeddable":true,"href":"https:\/\/www.freiburg-schwarzwald.de\/blog\/wp-json\/wp\/v2\/users\/4"}],"replies":[{"embeddable":true,"href":"https:\/\/www.freiburg-schwarzwald.de\/blog\/wp-json\/wp\/v2\/comments?post=21511"}],"version-history":[{"count":0,"href":"https:\/\/www.freiburg-schwarzwald.de\/blog\/wp-json\/wp\/v2\/posts\/21511\/revisions"}],"wp:attachment":[{"href":"https:\/\/www.freiburg-schwarzwald.de\/blog\/wp-json\/wp\/v2\/media?parent=21511"}],"wp:term":[{"taxonomy":"category","embeddable":true,"href":"https:\/\/www.freiburg-schwarzwald.de\/blog\/wp-json\/wp\/v2\/categories?post=21511"},{"taxonomy":"post_tag","embeddable":true,"href":"https:\/\/www.freiburg-schwarzwald.de\/blog\/wp-json\/wp\/v2\/tags?post=21511"}],"curies":[{"name":"wp","href":"https:\/\/api.w.org\/{rel}","templated":true}]}}