{"id":21292,"date":"2013-01-24T15:29:57","date_gmt":"2013-01-24T14:29:57","guid":{"rendered":"https:\/\/www.freiburg-schwarzwald.de\/blog\/?p=21292"},"modified":"2013-02-02T15:32:04","modified_gmt":"2013-02-02T14:32:04","slug":"adlergarten-wohngruppe-recht","status":"publish","type":"post","link":"https:\/\/www.freiburg-schwarzwald.de\/blog\/adlergarten-wohngruppe-recht\/","title":{"rendered":"Adlergarten Wohngruppe &#8211; Recht"},"content":{"rendered":"<p>Die <a title=\"Eichstetten\" href=\"https:\/\/www.freiburg-schwarzwald.de\/blog\/regio\/orte\/eichstetten\/\">Eichstetter<\/a> Wohngruppe f\u00fcr <a title=\"Demenz\" href=\"https:\/\/www.freiburg-schwarzwald.de\/blog\/selbsthilfe\/chronisch\/demenz\/\">Demente<\/a> und andere kleine Betreuungseinrichtungen f\u00fcrchten starre Gesetzes-vorgaben. Vor f\u00fcnf Jahren wurde die Er\u00f6ffnung der <a title=\"Demenz-Wohngruppen\" href=\"https:\/\/www.freiburg-schwarzwald.de\/blog\/selbsthilfe\/chronisch\/demenz\/demenz-wohngruppen\/\">Pflegewohngruppe &#8222;Adlergarten<\/a>&#8220; in Eichstetten als mutiges Beispiel von B\u00fcrgerengagement und modellhafte L\u00f6sung f\u00fcr eine dezentrale Versorgung dementer und betreuungs-bed\u00fcrftiger alter Menschen gelobt. Jetzt stehen diese Einrichtung und eine Reihe weiterer Wohngruppenprojekte pl\u00f6tzlich auf der Kippe. <!--more-->Denn das Land plant ein neues Heimrecht, das solche Wohngruppen \u00fcberfordern und ihren Betrieb unm\u00f6glich machen k\u00f6nnte. Verb\u00e4nde und Experten der Pflege dr\u00e4ngen darum die Politik, das neue Heimrecht flexibel anzulegen. Eigentlich soll es gar kein Heimrecht mehr geben, denn wer will schon seinen oft von Pflegebed\u00fcrftigkeit und geistiger Verwirrtheit gepr\u00e4gten Lebensabend in einem Heim fristen? Die Mischung aus Anstalt und Krankenhaus ist vielen Menschen ein Alptraum, sie wollen ein m\u00f6glichst h\u00e4usliches Umfeld, auch wenn sie auf Betreuung angewiesen sind. Dem will auch die Politik Rechnung tragen, weshalb das neue Gesetz, an dem im Stuttgarter Sozialministeriums gearbeitet wird, den umst\u00e4ndlichen Bandwurmtitel &#8222;Wohn-, Teilhabe- und Pflegegesetz&#8220; tr\u00e4gt. Doch statt neuen Wohnformen Raum zu geben, droht es ihnen den Boden zu entziehen, weil bisherige typische heimrechtliche Bestimmungen auf sie angewendet werden k\u00f6nnten.<\/p>\n<div>\n<div id=\"zoneAdserverMrec\">\n<div id=\"helperAdserverMrec\"><noscript><\/noscript><\/p>\n<div id=\"beacon_9e1d46db79\"><img loading=\"lazy\" decoding=\"async\" src=\"https:\/\/w.online-verlag-freiburg.de\/www\/delivery\/lg.php?bannerid=845&amp;campaignid=388&amp;zoneid=180713&amp;loc=1&amp;referer=http%3A%2F%2Fwww.badische-zeitung.de%2Feichstetten%2Fadlergarten-will-keine-heimauflagen--68544883.html&amp;cb=9e1d46db79\" alt=\"\" width=\"0\" height=\"0\" \/><br \/>\nNEUE HEIMRECHTSPL\u00c4NE: Fr\u00fcher gab es ein bundeseinheitliches, recht starres Heimrecht. Im Zuge der F\u00f6deralismusreform wurde es 2008 von Landesheimgesetzen abgel\u00f6st. Diese regeln unter anderem Fl\u00e4chengr\u00f6\u00dfen von Zimmern, Breite von T\u00fcren und Fluren sowie jede Menge weiterer baulicher Details, aber auch hygienische Vorschriften und den Personalschl\u00fcssel. So m\u00fcssen 50 Prozent der eingesetzten Personalstunden von examinierten Fachkr\u00e4ften erbracht werden. All das muss durch die bei den Land- und Stadtkreisen angesiedelten &#8222;Untere Heimaufsichtsbeh\u00f6rde&#8220; kontrolliert werden.<br \/>\nDer im April 2008 er\u00f6ffnete &#8222;Adlergarten&#8220; war bisher nicht darunter gefallen, weil er als &#8222;selbst organisierte und strukturell unabh\u00e4ngige Wohngemeinschaft&#8220; eingestuft wurde, wie Sozialministerin Katrin Altpeter (SPD) in einem Schreiben an Eichstettens B\u00fcrgermeister Michael Bruder erinnert. Dieser Status k\u00f6nne bleiben, auch wenn der Adlergarten mit elf Bewohnern die vom neuen Gesetzentwurf angestrebte Obergrenze von acht Personen \u00fcberschreitet, ab der das Gesetz gelten soll. Doch ist mit dieser Zusicherung das Thema Heimgesetz f\u00fcr den Adlergarten wirklich ausgestanden? Und wie sieht es mit anderen Einrichtungen aus, wie dem ganz neuen Katharina-Mathis Stift in Merdingen, das im Fr\u00fchjahr zwei elfk\u00f6pfige Wohngruppen \u00f6ffnen will?DAS ADLERGARTEN-MODELL: Der Adlergarten ist ein Kind der Eichstetter B\u00fcrgergemeinschaft und ein Modell einer dezentralen Versorgung alter Menschen. Die Gemeinde ist Vermieter, die Angeh\u00f6rigen der elf, wegen ihrer Demenz nicht mehr gesch\u00e4ftsf\u00e4higen Bewohner regeln mit der B\u00fcrgergemeinschaft das Betreuungs- und Versorgungsprogramm. Daf\u00fcr sorgen Besch\u00e4ftigte der B\u00fcrgergemeinschaft, ehrenamtliche Helfer und auch Angeh\u00f6rige der Bewohner. Pflegerische Dienste werden ambulant von der Sozialstation n\u00f6rdlicher Breisgau in Anspruch genommen. Damit sind weder die B\u00fcrgergemeinschaft (BG) noch die Sozialstation Tr\u00e4ger der Einrichtung, sondern werden im Auftrag der Bewohner t\u00e4tig. Erst in den n\u00e4chsten Tagen werden deren Angeh\u00f6rige wieder entscheiden, ob sie f\u00fcr ein weiteres Jahr mit BG und Sozialstation als Partnern weitermachen.STREIT UM GRUPPENGR\u00d6SSEN: Die Stuttgarter Reformpl\u00e4ne sehen nun vor, dass nur ambulant betreute Wohngruppen bis acht Personen nicht den neuen Gesetzesregeln unterliegen sollen. Das k\u00f6nnte das Merdinger Katharina-Mathis-Stift betreffen, denn hier ist der Caritasverband fester Vertragspartner, er organisiert den Einsatz der Betreuungskr\u00e4fte. Auch hier z\u00e4hlen, wie in Eichstetten, engagierte, eigens geschulte B\u00fcrger dazu, die sich ehrenamtlich oder als Teilzeitkr\u00e4fte um die Bewohner k\u00fcmmern werden. Doch mit der Caritas als festem Partner w\u00fcrde auf das Merdinger Stift nicht die Zusage der Ministerin an den Adlergarten gelten, die diesen als selbst organisierte Wohngemeinschaft einstuft.<br \/>\nEine Verringerung der Gruppengr\u00f6\u00dfe auf acht Personen kommt weder in Merdingen noch in Eichstetten in Frage. &#8222;Das ist wirtschaftlich nicht m\u00f6glich&#8220; erkl\u00e4rt Thomas Szymczak, Leiter der Sozialstation N\u00f6rdlicher Breisgau. Er, der Experte Professor Thomas Klie von der Freiburger Evangelischen Hochschule sowie weitere Fachleute versuchen derzeit alles, die Regierung zu einer m\u00f6glichst flexiblen Gesetzesreform zu bewegen. &#8222;Wir haben im Adlergarten keine schweren, \u00fcberbreiten Brandschutzt\u00fcren, welche die Bewohner selbst gar nicht \u00f6ffnen k\u00f6nnen. Wir haben auch keine Handl\u00e4ufe an allen Flurw\u00e4nden&#8220;, erkl\u00e4rt Szymczak. Regeln, die f\u00fcr gro\u00dfe Heime gelten, k\u00f6nnten unm\u00f6glich auf kleine Wohngruppen angewendet werden. Auch Eichstettens B\u00fcrgermeister Michael Bruder sieht hier rote Linien \u00fcberschritten und macht dies an einem praktischen Beispiel deutlich: &#8222;Jetzt kocht die Wohngruppe gemeinsam, wer von den Bewohnern helfen will, macht mit. Mit dem Heimgesetz ginge das nicht mehr \u2013 es g\u00e4be nur noch therapeutisches Kartoffelsch\u00e4len, die Kartoffeln werden danach weggeschmissen.&#8220;<\/p>\n<p>HEIME HABEN SICH \u00dcBERLEBT: Szymczak ist \u00fcberzeugt, dass die Zeit der Pflegeheime abl\u00e4uft. Selbst gro\u00dfe Einrichtungen w\u00fcrden daran arbeiten, auf Angebote m\u00f6glichst selbstbestimmter, famili\u00e4rer Wohngruppen umzusteuern. Als Beispiel nennt er das neue Carolushaus in Freiburg. Diesen Weg, den die B\u00fcrger erwarteten, d\u00fcrfe man nicht b\u00fcrokratisch abw\u00fcrgen. &#8222;Das k\u00f6nnen wir uns auch finanziell gar nicht leisten,&#8220; erkl\u00e4rt Szymczak. F\u00fcr die stetig steigende Zahl alter und betreuungsbed\u00fcrftiger Menschen k\u00f6nne man gar nicht so viele Heime bauen, wie rechnerisch n\u00f6tig w\u00e4ren, zumal es daf\u00fcr kein Pflegepersonal gebe. Er verweist auf Klies Idee des &#8222;Pflege Teilens&#8220;, bei der Angeh\u00f6rige, Nachbarn und Ehrenamtliche einbezogen werden. Und das gehe in dezentralen Wohngruppen am besten und vor allem am menschenw\u00fcrdigsten.<br \/>\n24.1.2013, Manfred Frietsch, Eichstetten<!-- RSPEAK_STOP --><\/p>\n<\/div>\n<\/div>\n<\/div>\n<\/div>\n","protected":false},"excerpt":{"rendered":"<p>Die Eichstetter Wohngruppe f\u00fcr Demente und andere kleine Betreuungseinrichtungen f\u00fcrchten starre Gesetzes-vorgaben. Vor f\u00fcnf Jahren wurde die Er\u00f6ffnung der Pflegewohngruppe &#8222;Adlergarten&#8220; in Eichstetten als mutiges Beispiel von B\u00fcrgerengagement und modellhafte L\u00f6sung f\u00fcr eine dezentrale Versorgung dementer und betreuungs-bed\u00fcrftiger alter Menschen &hellip; <a href=\"https:\/\/www.freiburg-schwarzwald.de\/blog\/adlergarten-wohngruppe-recht\/\">Weiterlesen <span class=\"meta-nav\">&rarr;<\/span><\/a><\/p>\n","protected":false},"author":4,"featured_media":0,"comment_status":"open","ping_status":"closed","sticky":false,"template":"","format":"standard","meta":{"footnotes":""},"categories":[183,39,91],"tags":[190],"class_list":["post-21292","post","type-post","status-publish","format-standard","hentry","category-demenz","category-pflege","category-wohnen","tag-alter"],"_links":{"self":[{"href":"https:\/\/www.freiburg-schwarzwald.de\/blog\/wp-json\/wp\/v2\/posts\/21292","targetHints":{"allow":["GET"]}}],"collection":[{"href":"https:\/\/www.freiburg-schwarzwald.de\/blog\/wp-json\/wp\/v2\/posts"}],"about":[{"href":"https:\/\/www.freiburg-schwarzwald.de\/blog\/wp-json\/wp\/v2\/types\/post"}],"author":[{"embeddable":true,"href":"https:\/\/www.freiburg-schwarzwald.de\/blog\/wp-json\/wp\/v2\/users\/4"}],"replies":[{"embeddable":true,"href":"https:\/\/www.freiburg-schwarzwald.de\/blog\/wp-json\/wp\/v2\/comments?post=21292"}],"version-history":[{"count":0,"href":"https:\/\/www.freiburg-schwarzwald.de\/blog\/wp-json\/wp\/v2\/posts\/21292\/revisions"}],"wp:attachment":[{"href":"https:\/\/www.freiburg-schwarzwald.de\/blog\/wp-json\/wp\/v2\/media?parent=21292"}],"wp:term":[{"taxonomy":"category","embeddable":true,"href":"https:\/\/www.freiburg-schwarzwald.de\/blog\/wp-json\/wp\/v2\/categories?post=21292"},{"taxonomy":"post_tag","embeddable":true,"href":"https:\/\/www.freiburg-schwarzwald.de\/blog\/wp-json\/wp\/v2\/tags?post=21292"}],"curies":[{"name":"wp","href":"https:\/\/api.w.org\/{rel}","templated":true}]}}