{"id":21186,"date":"2013-02-01T17:38:00","date_gmt":"2013-02-01T16:38:00","guid":{"rendered":"https:\/\/www.freiburg-schwarzwald.de\/blog\/?p=21186"},"modified":"2013-02-01T18:42:09","modified_gmt":"2013-02-01T17:42:09","slug":"museumslandschaft-freiburg","status":"publish","type":"post","link":"https:\/\/www.freiburg-schwarzwald.de\/blog\/museumslandschaft-freiburg\/","title":{"rendered":"Museumslandschaft Freiburg"},"content":{"rendered":"<p>Eine\u00a0beeindruckende <a title=\"Museum\" href=\"https:\/\/www.freiburg-schwarzwald.de\/blog\/kultur\/museum\/\">Museen<\/a>-Leistungsbilanz legten die beiden \u201aJubilare\u2019, B\u00fcrgermeister Ulrich von Kirchbach (seit 10 Jahren f\u00fcr die <a title=\"Kultur\" href=\"https:\/\/www.freiburg-schwarzwald.de\/blog\/kultur\/\">Kultur in Freiburg <\/a>zust\u00e4ndig) und Tilmann von Stockhausen (seit 5 Jahren Leiter der Freiburger <a title=\"Augustinermuseum\" href=\"https:\/\/www.freiburg-schwarzwald.de\/blog\/kultur\/museum\/augustinermuseum\/\">Museen<\/a>) bei ihrem Jahresbericht vor. Zwar war gegen\u00fcber dem Vorjahr in 2012 ein Besucherr\u00fcckgang zu verzeichnen, dessen Ursache durchaus begr\u00fcndet werden kann <!--more-->in der Umsetzung des bereits 2006 aufgestellten Museumsverbesserungsplans, u.a. durch den Beginn des 2. Bauabschnittes des Augustinermuseums und in der mit gro\u00dfem Aufwand betriebenen Einrichtung des Zentralen Kunstdepots. Hinzu kamen zahlreiche personelle Ver\u00e4nderungen in den Leitungsfunktionen \u00a0(u. a. wurde die Stellvertretung im Augustinermuseum dem Leiter des Museum f\u00fcr Stadtgeschichte, Peter Kalchthaler, \u00fcbertragen) und ein schwacher Besucherandrang bei einigen Sonderausstellungen. Das Jahr 2013 soll f\u00fcr die Freiburger Museen wieder mit gro\u00dfen Sonder-ausstellungen sehr ereignisreich werden und zahlreiche Besucher aus dem In- und Ausland anlocken.<\/p>\n<p>So pr\u00e4sentiert das Augustinermuseum ab dem 15. Juni \u201eMit Stift und Feder \u2013 Zeichnungen vom Klassizismus bis zum Jugendstil\u201c und zum 500 j\u00e4hrigen Jubil\u00e4um der Chorweihe am Freiburger M\u00fcnster ab dem 30. November \u201eBaustelle Gotik \u2013 Das Freiburger M\u00fcnster\u201c. In dieses Ausstellungsprojekt sind auch die M\u00fcnsterbauh\u00fctte, das M\u00fcnster und das Museum f\u00fcr Stadtgeschichte eingebunden. So sind zum ersten Mal alle Turmrisse in Freiburg zu sehen, Leihgaben aus Wien, Fribourg, N\u00fcrnberg und durch eine enge Zusammenarbeit mit den oberrheinischen Bauh\u00fctten in Basel und Strasbourg.<br \/>\nBei der Kinderausstellung zur Steinzeit \u201e Als das Mammut zu schwitzen begann\u201c im Arch\u00e4ologischen Museum Colombischl\u00f6ssle, k\u00f6nnen Familien und Kinder ab dem 21. M\u00e4rz einen spannenden Ausflug in die Vergangenheit unternehmen und den Spuren des Mammuts folgen.<br \/>\nUnd bereits ab dem 23. Februar k\u00f6nnen im Naturmuseum wieder K\u00fcken beim Schl\u00fcpfen beobachtet werden (Vom Ei zum K\u00fcken).<br \/>\nVon Schmetterlingen und Donnerdrachen \u2013 Natur und Kultur in Bhutan zeigt ebenfalls das Naturmuseum ab dem 29. M\u00e4rz.<br \/>\nUnd im Museum f\u00fcr Neue Kunst ist ab dem 17. Mai die Ausstellung Make active choices. Kunst und \u00d6kologie: Wie tun? zu sehen.<\/p>\n<p>Bei einer Befragung zeigten sich die Besucher mit dem Augustinermuseum sehr zufrieden. Gro\u00df sei auch der Zuspruch zur Kultur in der Politik, fraktions\u00fcbergreifend, wie B\u00fcrgermeister von Kirchbach betonte und auch in der Bev\u00f6lkerung, wie die k\u00fcrzlich erfolgte, st\u00e4dtische online-Befragung ergab. Mit neuen didaktischen Konzepten f\u00fcr Kinder und Familien, Neukonzeptionen und \u2013gestaltungen in den Museen, aber auch mit speziellen Angeboten f\u00fcr Touristen und Abendf\u00fchrungen sollen Stammbesucher animiert werden, mit Freunden und Bekannten das beeindruckende Museumsangebot in Freiburg anzunehmen. Starke Nachfrage, so Tilman von Stockhausen, habe man bereits mit dem Angebot privater Gruppenf\u00fchrungen erfahren d\u00fcrfen.<br \/>\n1.2.2013, Hans-E. Homlicher<\/p>\n","protected":false},"excerpt":{"rendered":"<p>Eine\u00a0beeindruckende Museen-Leistungsbilanz legten die beiden \u201aJubilare\u2019, B\u00fcrgermeister Ulrich von Kirchbach (seit 10 Jahren f\u00fcr die Kultur in Freiburg zust\u00e4ndig) und Tilmann von Stockhausen (seit 5 Jahren Leiter der Freiburger Museen) bei ihrem Jahresbericht vor. Zwar war gegen\u00fcber dem Vorjahr in &hellip; <a href=\"https:\/\/www.freiburg-schwarzwald.de\/blog\/museumslandschaft-freiburg\/\">Weiterlesen <span class=\"meta-nav\">&rarr;<\/span><\/a><\/p>\n","protected":false},"author":4,"featured_media":0,"comment_status":"open","ping_status":"closed","sticky":false,"template":"","format":"standard","meta":{"footnotes":""},"categories":[49,13],"tags":[301,506],"class_list":["post-21186","post","type-post","status-publish","format-standard","hentry","category-freiburg","category-kultur","tag-culture","tag-museum"],"_links":{"self":[{"href":"https:\/\/www.freiburg-schwarzwald.de\/blog\/wp-json\/wp\/v2\/posts\/21186","targetHints":{"allow":["GET"]}}],"collection":[{"href":"https:\/\/www.freiburg-schwarzwald.de\/blog\/wp-json\/wp\/v2\/posts"}],"about":[{"href":"https:\/\/www.freiburg-schwarzwald.de\/blog\/wp-json\/wp\/v2\/types\/post"}],"author":[{"embeddable":true,"href":"https:\/\/www.freiburg-schwarzwald.de\/blog\/wp-json\/wp\/v2\/users\/4"}],"replies":[{"embeddable":true,"href":"https:\/\/www.freiburg-schwarzwald.de\/blog\/wp-json\/wp\/v2\/comments?post=21186"}],"version-history":[{"count":0,"href":"https:\/\/www.freiburg-schwarzwald.de\/blog\/wp-json\/wp\/v2\/posts\/21186\/revisions"}],"wp:attachment":[{"href":"https:\/\/www.freiburg-schwarzwald.de\/blog\/wp-json\/wp\/v2\/media?parent=21186"}],"wp:term":[{"taxonomy":"category","embeddable":true,"href":"https:\/\/www.freiburg-schwarzwald.de\/blog\/wp-json\/wp\/v2\/categories?post=21186"},{"taxonomy":"post_tag","embeddable":true,"href":"https:\/\/www.freiburg-schwarzwald.de\/blog\/wp-json\/wp\/v2\/tags?post=21186"}],"curies":[{"name":"wp","href":"https:\/\/api.w.org\/{rel}","templated":true}]}}