{"id":21170,"date":"2013-01-22T10:04:32","date_gmt":"2013-01-22T09:04:32","guid":{"rendered":"https:\/\/www.freiburg-schwarzwald.de\/blog\/?p=21170"},"modified":"2013-02-01T16:25:18","modified_gmt":"2013-02-01T15:25:18","slug":"ie-messe-freiburg","status":"publish","type":"post","link":"https:\/\/www.freiburg-schwarzwald.de\/blog\/ie-messe-freiburg\/","title":{"rendered":"IE-Messe Freiburg"},"content":{"rendered":"<p>16. Auflage der Industriemesse I + E.: Auf dem Freiburger <a title=\"Messe\" href=\"https:\/\/www.freiburg-schwarzwald.de\/blog\/business\/markt\/messe\/\">Messegel\u00e4nde<\/a> pr\u00e4sentieren von Donnerstag, 24. Januar 2013, bis Samstag, 26. Januar, mehr als 350 Aussteller \u2013 20 davon aus dem benachbarten Elsass \u2013 ihre Produkte und Dienstleistungen auf einer Ausstellungsfl\u00e4che von rund 6000 Quadratmetern bei der nunmehr\u00a0 Dazu schreibt Christoph M\u00fcnzer, Hauptgesch\u00e4ftsf\u00fchrer des Organisators <!--more-->Wirtschaftsverband industrieller Unternehmen in Baden (WVIB) &#8222;Die Messe als Urform der Begegnung von Menschen und M\u00e4rkten erlebt in ihrer regionalen Variante gerade eine \u00fcberraschende Renaissance. Die Gr\u00fcnde liegen seit dem Mittelalter auf der Hand. Neue M\u00e4rkte erm\u00f6glichen mehr Arbeitsteilung. Neue M\u00e4rkte schaffen und verteilen Wohlstand. Ein pers\u00f6nlicher Messebesuch wirkt intensiver nach als elektronische Reiz\u00fcberflutung. Ein Gespr\u00e4ch mit einem Kunden am eigenen Stand bringt bessere Bindung und zielsicheres Neugesch\u00e4ft als Xing-Kontakte.&#8220;<br \/>\nF\u00fcr Firmen aus den Branchen Elektrotechnik\/Elektronik, Mess- und Regeltechnik, Automatisierungstechnik, Informationstechnik (IT) und f\u00fcr die Zulieferindustrie ist die I + E der erste wichtige Termin im Messekalender 2013. Auf der I + E treffen sich Unternehmer, Eink\u00e4ufer, Techniker und Ingenieure, um neue Kundenkontakte zu kn\u00fcpfen und bestehende Kontakte zu pflegen.<br \/>\n<img loading=\"lazy\" decoding=\"async\" src=\"https:\/\/w.online-verlag-freiburg.de\/www\/delivery\/lg.php?bannerid=3371&amp;campaignid=1628&amp;zoneid=60&amp;loc=http%3A%2F%2Fwww.badische-zeitung.de%2Fkollektive%2Fbessere-bindung-und-sicheres-neugeschaeft--68410330.html&amp;referer=http%3A%2F%2Fwww.google.com%2Fcse%3Fcx%3D003404751398616916591%3Alvttkxlsyso%26cof%3DFORID%3A9%26ie%3DISO-8859-1%26as_qdr%3D%26q%3Dregionale+messe%26sa%3DSuche%26ad%3Dn9%26num%3D10%26rurl%3Dhttp%253A%252F%252Fwww.badische-zeitung.de%252Fsuche.html%253Fcx%253D003404751398616916591%253Alvttkxlsyso%2526cof%253DFORID%253A9%2526ie%253DISO-8859-1%2526as_qdr%253D%2526q%253Dregionale%252Bmesse%2526sa%253DSuche%26siteurl%3Dhttp%253A%252F%252Fwww.badische-zeitung.de%252Fsuche.html%253Fcx%253D003404751398616916591%253Alvttkxlsyso%2526cof%253DFORID%253A9%2526ie%253DISO-8859-1%2526as_qdr%253D%2526q%253Dmessen%2526sa%253DSuche&amp;cb=3fdd351fe8\" alt=\"\" width=\"0\" height=\"0\" \/>Mehr als 80 Fachvortr\u00e4ge stehen den Besuchern w\u00e4hrend der drei Messetage als kostenfreie Weiterbildungsm\u00f6glichkeiten offen. Am Freitag geht es beim Eink\u00e4ufertag um Beschaffung und Lieferantenbeziehungen. Gleichzeitig stellt der Technikertag aktuelle Technologien, Materialien, Probleml\u00f6sungen und Dienstleistungen vor. Am Samstag k\u00f6nnen sich Arbeitgeber und Arbeitnehmer unter dem Motto &#8222;Fachkr\u00e4fte finden und binden&#8220; \u00fcber die aktuelle Situation auf dem Arbeitsmarkt schlau machen. Der WVIB pr\u00e4sentiert an allen Messetagen seinen Online-Stellenmarkt und unterst\u00fctzt die Vermittlung von Arbeitspl\u00e4tzen.<\/p>\n<p>Den Er\u00f6ffnungsvortrag h\u00e4lt Eberhard Umbach, Pr\u00e4sident des Karlsruher Instituts f\u00fcr Technologie (KIT). Er ist am Donnerstag auch der erste Gespr\u00e4chsgast auf dem WVIB-Podium. Hier findet t\u00e4glich um 12.30 Uhr ein Austausch zwischen einem WVIB-Vertreter und einer Pers\u00f6nlichkeit aus Wissenschaft, Wirtschaft und Politik statt.<br \/>\n22.1.2013,\u00a0<\/p>\n<p>16. Industriemesse I + E Freiburg<br \/>\nDonnerstag, 24. Januar, bis Samstag, 26. Januar<br \/>\n\u00dcber 350 Aussteller , Messegel\u00e4nde Freiburg<br \/>\n\u00a0I + E\u00a0 Homepage <a title=\"\" href=\"https:\/\/www.ie-messe.de\/\" target=\"_blank\">https:\/\/www.ie-messe.de<\/a><strong>\u00a0<\/strong><\/p>\n","protected":false},"excerpt":{"rendered":"<p>16. Auflage der Industriemesse I + E.: Auf dem Freiburger Messegel\u00e4nde pr\u00e4sentieren von Donnerstag, 24. Januar 2013, bis Samstag, 26. Januar, mehr als 350 Aussteller \u2013 20 davon aus dem benachbarten Elsass \u2013 ihre Produkte und Dienstleistungen auf einer Ausstellungsfl\u00e4che &hellip; <a href=\"https:\/\/www.freiburg-schwarzwald.de\/blog\/ie-messe-freiburg\/\">Weiterlesen <span class=\"meta-nav\">&rarr;<\/span><\/a><\/p>\n","protected":false},"author":4,"featured_media":0,"comment_status":"open","ping_status":"closed","sticky":false,"template":"","format":"standard","meta":{"footnotes":""},"categories":[427],"tags":[505],"class_list":["post-21170","post","type-post","status-publish","format-standard","hentry","category-markt","tag-messen"],"_links":{"self":[{"href":"https:\/\/www.freiburg-schwarzwald.de\/blog\/wp-json\/wp\/v2\/posts\/21170","targetHints":{"allow":["GET"]}}],"collection":[{"href":"https:\/\/www.freiburg-schwarzwald.de\/blog\/wp-json\/wp\/v2\/posts"}],"about":[{"href":"https:\/\/www.freiburg-schwarzwald.de\/blog\/wp-json\/wp\/v2\/types\/post"}],"author":[{"embeddable":true,"href":"https:\/\/www.freiburg-schwarzwald.de\/blog\/wp-json\/wp\/v2\/users\/4"}],"replies":[{"embeddable":true,"href":"https:\/\/www.freiburg-schwarzwald.de\/blog\/wp-json\/wp\/v2\/comments?post=21170"}],"version-history":[{"count":0,"href":"https:\/\/www.freiburg-schwarzwald.de\/blog\/wp-json\/wp\/v2\/posts\/21170\/revisions"}],"wp:attachment":[{"href":"https:\/\/www.freiburg-schwarzwald.de\/blog\/wp-json\/wp\/v2\/media?parent=21170"}],"wp:term":[{"taxonomy":"category","embeddable":true,"href":"https:\/\/www.freiburg-schwarzwald.de\/blog\/wp-json\/wp\/v2\/categories?post=21170"},{"taxonomy":"post_tag","embeddable":true,"href":"https:\/\/www.freiburg-schwarzwald.de\/blog\/wp-json\/wp\/v2\/tags?post=21170"}],"curies":[{"name":"wp","href":"https:\/\/api.w.org\/{rel}","templated":true}]}}