{"id":21138,"date":"2013-01-31T21:30:57","date_gmt":"2013-01-31T20:30:57","guid":{"rendered":"https:\/\/www.freiburg-schwarzwald.de\/blog\/?p=21138"},"modified":"2013-02-21T16:42:04","modified_gmt":"2013-02-21T15:42:04","slug":"miteinander-stegen-pack","status":"publish","type":"post","link":"https:\/\/www.freiburg-schwarzwald.de\/blog\/miteinander-stegen-pack\/","title":{"rendered":"Miteinander Stegen &#8211; Pack"},"content":{"rendered":"<p>Hansj\u00f6rg Volk, Oliver Stenzel und Dr. Walburga Rehmann-Linden geh\u00f6rten 2007 zu den Gr\u00fcndungsmitgliedern von <a title=\"Miteinander-Stegen\" href=\"https:\/\/www.freiburg-schwarzwald.de\/blog\/vereine\/hilfe\/miteinander-stegen\/\">\u201eMiteinander Stegen e.V.\u201c <\/a>und haben die Geschicke des Vereins w\u00e4hrend der letzten zwei Jahre in dieser Konstellation als Vorstands-Team geleitet. Hansj\u00f6rg Volk und Oliver Stenzel waren sogar von Anfang an im Vorstand aktiv. Der Verein wurde ins Leben gerufen um in <a title=\"Stegen\" href=\"https:\/\/www.freiburg-schwarzwald.de\/blog\/regio\/orte\/stegen\/\">Stegen<\/a> ein ehrenamtliches <a title=\"Buergerbeteiligung\" href=\"https:\/\/www.freiburg-schwarzwald.de\/blog\/engagement\/buergerbeteiligung\/\">B\u00fcrgernetzwerk<\/a> <!--more-->zu installieren, das \u00fcberall da, wo Menschen Unterst\u00fctzung brauchen, einspringen und helfen kann. In diesen knapp sechs Jahren hat der Verein sich in Stegen etabliert und ehrenamtliche Hilfe-Strukturen angesto\u00dfen, die unverzichtbar sind. Schon fr\u00fch kristallisierte sich jedoch heraus, dass das B\u00fcrgernetzwerk allein letztlich nicht ausreicht. Angesichts der demografischen Entwicklung, der immer \u00e4lter werdenden Gesellschaft, der sich ver\u00e4ndernden Familienstrukturen und der hohen beruflichen Mobilit\u00e4t sind ganz neue und weitergehende Hilfs-, Betreuungs- und Pflegeformen n\u00f6tig. Der Verein setzte sich in den letzten zwei Jahren fundiert mit dieser Problematik auseinander, h\u00f6rte Experten dazu, installierte Arbeitskreise und stellte die Ergebnisse \u00f6ffentlich auf inzwischen drei B\u00fcrgerforen vor. Au\u00dferdem wurde eine wissenschaftlich begleitete B\u00fcrgerbefragung dazu durchgef\u00fchrt. Damit schuf der Verein in Stegen eine erh\u00f6hte Sensibilit\u00e4t f\u00fcr diese noch oft mit Tabus besetzte Thematik. Zur ehrenamtlichen Nachbarschaftshilfe, dem urspr\u00fcnglichen Vereinsziel, kam dann das Projekt \u201eLebensr\u00e4ume\u201c hinzu, das das ehrgeizige Ziel eines Mehrgenerationenwohnhauses mit Tagespflege und Pflegestation verfolgt.\u00a0\u00a0Auf der Mitgliederversammlung mit Vorstandswahlen wurde am vergangenen Dienstag die Arbeit des bisherigen Vorstands gew\u00fcrdigt. Er wurde entlastet und gleichzeitig standen Neuwahlen an. Hansj\u00f6rg Volk und Oliver Stenzel traten nicht mehr an, die Konstante bleibt Dr. Walburga Rehmann-Linden als zweite Vorsitzende. Neuer Vorsitzender von \u201eMiteinander Stegen e.V.\u201c ist nun Joachim Pack. Der 45-j\u00e4hrige Zartener ist Leiter des Pflegedienstes ZAK und hat die Pflege in seinem langj\u00e4hrigen Berufsleben in allen Facetten als Pflegedienstleiter sowohl im station\u00e4ren als auch im ambulanten Bereich kennengelernt. Er war Qualit\u00e4tsbeauftragter f\u00fcr Pflege und soziale Betreuung in den kreiseigenen Heimen des Landkreises L\u00f6rrach und verf\u00fcgt \u00fcber ein abgeschlossenes Studium \u201ePflegemanagement\u201c. Er sieht sich selbst als Netzwerker. Sein Ziel ist es, die Pflege im Sinne der Betroffenen zu verbessern und zu optimieren und das gehe nur, wenn man weg vom Konkurrenzdenken hin zu einer sinnvollen Zusammenarbeit komme, so Pack. Das erlebe er bei seiner tagt\u00e4glichen Arbeit und in diesem Sinne m\u00f6chte er seine F\u00e4higkeiten bei \u201eMiteinander Stegen e.V.\u201c einsetzen. Hier fasziniere ihn, dass dieses gro\u00dfe Projekt aus der Bev\u00f6lkerung heraus entstehe und vorangetrieben werde. Als Kassierer wurde der Pension\u00e4r Harald Mautz gew\u00e4hlt, der fr\u00fcher Rechnungspr\u00fcfer und kaufm\u00e4nnischer Betriebsleiter war und sich mit Zahlen bestens auskennt. Das Amt des Schriftf\u00fchrers wurde an diesem Abend neu installiert. Gew\u00e4hlt wurde Reinhard Jung, der lange Jahre im Ausland deutsche Schulen leitete. Der Vorstand wurde au\u00dferdem um das Amt eines Beisitzers erweitert, das von dem Stegener Hausarzt Dr. Peter Krimmel besetzt wird. Mit diesem Vorstand hat \u201eMiteinander Stegen e.V.\u201c ein Kompetenz-Team, das mit viel Elan die Arbeit des Vereins vorantreiben m\u00f6chte.<br \/>\n31.1.2013, Dagmar Engesser, <a href=\"https:\/\/www.dreisamtaeler.de\">www.dreisamtaeler.de<\/a><\/p>\n","protected":false},"excerpt":{"rendered":"<p>Hansj\u00f6rg Volk, Oliver Stenzel und Dr. Walburga Rehmann-Linden geh\u00f6rten 2007 zu den Gr\u00fcndungsmitgliedern von \u201eMiteinander Stegen e.V.\u201c und haben die Geschicke des Vereins w\u00e4hrend der letzten zwei Jahre in dieser Konstellation als Vorstands-Team geleitet. Hansj\u00f6rg Volk und Oliver Stenzel waren &hellip; <a href=\"https:\/\/www.freiburg-schwarzwald.de\/blog\/miteinander-stegen-pack\/\">Weiterlesen <span class=\"meta-nav\">&rarr;<\/span><\/a><\/p>\n","protected":false},"author":4,"featured_media":0,"comment_status":"open","ping_status":"closed","sticky":false,"template":"","format":"standard","meta":{"footnotes":""},"categories":[36,104,9],"tags":[281,388],"class_list":["post-21138","post","type-post","status-publish","format-standard","hentry","category-engagement","category-hilfe","category-soziales","tag-burgerinitiativen","tag-social"],"_links":{"self":[{"href":"https:\/\/www.freiburg-schwarzwald.de\/blog\/wp-json\/wp\/v2\/posts\/21138","targetHints":{"allow":["GET"]}}],"collection":[{"href":"https:\/\/www.freiburg-schwarzwald.de\/blog\/wp-json\/wp\/v2\/posts"}],"about":[{"href":"https:\/\/www.freiburg-schwarzwald.de\/blog\/wp-json\/wp\/v2\/types\/post"}],"author":[{"embeddable":true,"href":"https:\/\/www.freiburg-schwarzwald.de\/blog\/wp-json\/wp\/v2\/users\/4"}],"replies":[{"embeddable":true,"href":"https:\/\/www.freiburg-schwarzwald.de\/blog\/wp-json\/wp\/v2\/comments?post=21138"}],"version-history":[{"count":0,"href":"https:\/\/www.freiburg-schwarzwald.de\/blog\/wp-json\/wp\/v2\/posts\/21138\/revisions"}],"wp:attachment":[{"href":"https:\/\/www.freiburg-schwarzwald.de\/blog\/wp-json\/wp\/v2\/media?parent=21138"}],"wp:term":[{"taxonomy":"category","embeddable":true,"href":"https:\/\/www.freiburg-schwarzwald.de\/blog\/wp-json\/wp\/v2\/categories?post=21138"},{"taxonomy":"post_tag","embeddable":true,"href":"https:\/\/www.freiburg-schwarzwald.de\/blog\/wp-json\/wp\/v2\/tags?post=21138"}],"curies":[{"name":"wp","href":"https:\/\/api.w.org\/{rel}","templated":true}]}}