{"id":2099,"date":"2012-04-23T11:03:45","date_gmt":"2012-04-23T11:03:45","guid":{"rendered":"https:\/\/www.freiburg-schwarzwald.de\/blog\/?p=2099"},"modified":"2012-04-23T11:43:18","modified_gmt":"2012-04-23T11:43:18","slug":"antiatomtage-freiburg-2012-am-26-tschernobyl-jahrestag","status":"publish","type":"post","link":"https:\/\/www.freiburg-schwarzwald.de\/blog\/antiatomtage-freiburg-2012-am-26-tschernobyl-jahrestag\/","title":{"rendered":"AntiAtomTage Freiburg 2012 am 26.Tschernobyl-Jahrestag"},"content":{"rendered":"<p>Hintergrund der erstmaligen AntiAtomTage Freiburg 2012 bilden der 26. Jahrestag des Beginns der Atomreaktorkatastrophe von Tschernobyl und die erkl\u00e4rte Politik mehrerer Staaten vor allem in Europa, aus der <a title=\"AKW\" href=\"https:\/\/www.freiburg-schwarzwald.de\/blog\/energie\/akw\/\">Atomenergie<\/a> auszusteigen. Die Energiewende in Deutschland kann, wenn sie konsequent durchgef\u00fchrt wird, weltweit als Vorbild dienen und wird aus aller Welt beobachtet. Andererseits bestehen in einigen Staaten auch ein Jahr nach Fukushima immer noch konkrete Absichten f\u00fcr Atomkraftneubauten. Solche Absichten erfahren nicht zuletzt Unterst\u00fctzung ausgerechnet aus Deutschland, das den Atomausstieg proklamiert hat. Zum aktuellen Lagebericht und \u00fcber Gr\u00fcnde, Hintergr\u00fcnde und Aussichten informiert Mycle Schneider, Mycle Schneider Consulting, Paris, renommierter und unabh\u00e4ngiger Experte zu internationaler Energiepolitik sowie Atomwirtschaft und Tr\u00e4ger des Right Livelyhood Awards (Alternativer Nobelpreis) 1997.<!--more--> Er ist Leitautor des \u201eWorld Nuclear Industry Status Report 2010-2011\u201d, herausgegeben beim Worldwatch Institute, Washington D.C., und des kommenden f\u00fcr 2012, sowie Mitherausgeber der International Perspectives on Energy Policy and the Role of Nuclear Power. Er ist Berater von Parlamenten und Regierungen sowie Vortragender an Universit\u00e4ten weltweit.<\/p>\n<p><em>Mycle Schneider, Paris, Tr\u00e4ger des Alternativen Nobelpreises, h\u00e4lt beim Samstags-Forum Regio Freiburg den Hauptvortrag der Antiatomtage 2012 \u00fcber \u201eAtomenergie vor dem Aus? Vorbild Deutschland? Systemwechsel weltweit und f\u00fcr Europa? Ein Lagebericht nach Fukushima\u201c\u00a0<\/em><br \/>\n<em>Freitag, 27. April 2012, 19.00 Uhr, im Cafe Velo an der St\u00fchlingerbr\u00fccke, Wentzingerstr. 15. <\/em><br \/>\n<em>Dr. Dieter W\u00f6rner f\u00fcr die Stadt Freiburg als Mitglied des Trinationalen Atomschutzverbands sowie Sprecher badischer und els\u00e4ssischer Umweltschutzvereine informieren mit Kurzbeitr\u00e4gen zum Thema Atomausstieg und Energiewende. Der s\u00fcdbadische Mundartmusiker Arno Stolz, STOLZ VON BADEN, begleitet musikalisch.<\/em><br \/>\n<em>Der Eintritt ist frei. Schirmherrin ist die Freiburger Umweltb\u00fcrgermeisterin Gerda Stuchlik.<\/em><\/p>\n<p>ECOtrinova e.V., u-asta Umweltreferat an der Universit\u00e4t und Antiatomgruppe Freiburg, unterst\u00fctzt von den Badisch-Els\u00e4ssischen B\u00fcrgerinitiativen, vom Agenda 21-B\u00fcro Freiburg, Klimab\u00fcndnis Freiburg und Weiteren.<\/p>\n","protected":false},"excerpt":{"rendered":"<p>Hintergrund der erstmaligen AntiAtomTage Freiburg 2012 bilden der 26. Jahrestag des Beginns der Atomreaktorkatastrophe von Tschernobyl und die erkl\u00e4rte Politik mehrerer Staaten vor allem in Europa, aus der Atomenergie auszusteigen. Die Energiewende in Deutschland kann, wenn sie konsequent durchgef\u00fchrt wird, &hellip; <a href=\"https:\/\/www.freiburg-schwarzwald.de\/blog\/antiatomtage-freiburg-2012-am-26-tschernobyl-jahrestag\/\">Weiterlesen <span class=\"meta-nav\">&rarr;<\/span><\/a><\/p>\n","protected":false},"author":2,"featured_media":0,"comment_status":"open","ping_status":"closed","sticky":false,"template":"","format":"standard","meta":{"footnotes":""},"categories":[164,5],"tags":[163],"class_list":["post-2099","post","type-post","status-publish","format-standard","hentry","category-akw","category-energie","tag-atomkraft"],"_links":{"self":[{"href":"https:\/\/www.freiburg-schwarzwald.de\/blog\/wp-json\/wp\/v2\/posts\/2099","targetHints":{"allow":["GET"]}}],"collection":[{"href":"https:\/\/www.freiburg-schwarzwald.de\/blog\/wp-json\/wp\/v2\/posts"}],"about":[{"href":"https:\/\/www.freiburg-schwarzwald.de\/blog\/wp-json\/wp\/v2\/types\/post"}],"author":[{"embeddable":true,"href":"https:\/\/www.freiburg-schwarzwald.de\/blog\/wp-json\/wp\/v2\/users\/2"}],"replies":[{"embeddable":true,"href":"https:\/\/www.freiburg-schwarzwald.de\/blog\/wp-json\/wp\/v2\/comments?post=2099"}],"version-history":[{"count":0,"href":"https:\/\/www.freiburg-schwarzwald.de\/blog\/wp-json\/wp\/v2\/posts\/2099\/revisions"}],"wp:attachment":[{"href":"https:\/\/www.freiburg-schwarzwald.de\/blog\/wp-json\/wp\/v2\/media?parent=2099"}],"wp:term":[{"taxonomy":"category","embeddable":true,"href":"https:\/\/www.freiburg-schwarzwald.de\/blog\/wp-json\/wp\/v2\/categories?post=2099"},{"taxonomy":"post_tag","embeddable":true,"href":"https:\/\/www.freiburg-schwarzwald.de\/blog\/wp-json\/wp\/v2\/tags?post=2099"}],"curies":[{"name":"wp","href":"https:\/\/api.w.org\/{rel}","templated":true}]}}