{"id":20822,"date":"2013-01-16T09:47:56","date_gmt":"2013-01-16T08:47:56","guid":{"rendered":"https:\/\/www.freiburg-schwarzwald.de\/blog\/?p=20822"},"modified":"2013-01-28T13:02:59","modified_gmt":"2013-01-28T12:02:59","slug":"hotelneubau-siegesdenkmal","status":"publish","type":"post","link":"https:\/\/www.freiburg-schwarzwald.de\/blog\/hotelneubau-siegesdenkmal\/","title":{"rendered":"Hotelneubau Siegesdenkmal"},"content":{"rendered":"<p>Das Geb\u00e4ude am Siegesdenkmal Ecke Friedrichring\/Habsburgerstra\u00dfe soll abgerissen und durch gleichgro\u00dfen Neubau ersetzt werden: &#8222;Motel One&#8220; (M\u00fcnchener Kette, Ikea-like im unteren Preissegment) mit 210 Doppelzimmern, 30 Arbeitspl\u00e4tze.\u00a0Projektentwickler Unm\u00fc\u00dfig investiert 14 Mio Euro. FWTM-Chef Dallmann spricht von einer <a title=\"Gastro\" href=\"https:\/\/www.freiburg-schwarzwald.de\/blog\/tourismus\/gastro\/\">Hotel<\/a>-Traumansiedlung: &#8222;Die Stadt vertr\u00e4gt das&#8220;.<!--more-->\u00a0<\/p>\n<p><strong>Hotelneubau am Siegesdenkma<\/strong><strong>l: H\u00e4sslich, gesichtslos, monoton und absto\u00dfend<br \/>\n<\/strong>Mit Entsetzen habe ich den Bericht \u00fcber den Bau eines geplanten Hotels am Siegesdenkmal gelesen. Der Bau an einem zentralen Standort in der Innenstadt ist nicht nur h\u00e4sslich, sondern zudem gesichtslos, monoton und absto\u00dfend. Der Architekt hat sich offensichtlich keine M\u00fche gegeben, die Fassade des Hotelneubaus interessant zu gestalten, was an dem Standort dringend erforderlich w\u00e4re. Statt dessen sieht man nur eine Anreihung von L\u00f6chern, sprich Fenstern. Herr Dallmann [st\u00e4dtischer Wirtschaftsf\u00f6rderer, Anmerkung der Redaktion] sagt dazu noch: &#8222;Die Stadt vertr\u00e4gt das&#8220;. Ich bin der Meinung, dass dies nicht der Fall ist und hoffe, dass der Gemeinderat und der Bauausschuss dem geplanten Bau in dieser Form nicht zustimmen werden. Wir d\u00fcrfen unsere Innenstadt mit &#8222;Baukl\u00f6tzen&#8220; dieser Art nicht weiter verschandeln&#8220;.<br \/>\n28.1.2013, Wolfram de Frenne, Freiburg<\/p>\n<p>&nbsp;<\/p>\n<p>Baub\u00fcrgermeister Haag nach Fertigstellung des Brielmann-Gel\u00e4ndes tat Bu\u00dfe tut und gelobte Besserung: &#8222;So etwas w\u00fcrden wir heute nicht mehr bauen.&#8220;<\/p>\n","protected":false},"excerpt":{"rendered":"<p>Das Geb\u00e4ude am Siegesdenkmal Ecke Friedrichring\/Habsburgerstra\u00dfe soll abgerissen und durch gleichgro\u00dfen Neubau ersetzt werden: &#8222;Motel One&#8220; (M\u00fcnchener Kette, Ikea-like im unteren Preissegment) mit 210 Doppelzimmern, 30 Arbeitspl\u00e4tze.\u00a0Projektentwickler Unm\u00fc\u00dfig investiert 14 Mio Euro. FWTM-Chef Dallmann spricht von einer Hotel-Traumansiedlung: &#8222;Die Stadt &hellip; <a href=\"https:\/\/www.freiburg-schwarzwald.de\/blog\/hotelneubau-siegesdenkmal\/\">Weiterlesen <span class=\"meta-nav\">&rarr;<\/span><\/a><\/p>\n","protected":false},"author":4,"featured_media":0,"comment_status":"open","ping_status":"closed","sticky":false,"template":"","format":"standard","meta":{"footnotes":""},"categories":[138],"tags":[502,287],"class_list":["post-20822","post","type-post","status-publish","format-standard","hentry","category-gastro","tag-hotel","tag-neubau"],"_links":{"self":[{"href":"https:\/\/www.freiburg-schwarzwald.de\/blog\/wp-json\/wp\/v2\/posts\/20822","targetHints":{"allow":["GET"]}}],"collection":[{"href":"https:\/\/www.freiburg-schwarzwald.de\/blog\/wp-json\/wp\/v2\/posts"}],"about":[{"href":"https:\/\/www.freiburg-schwarzwald.de\/blog\/wp-json\/wp\/v2\/types\/post"}],"author":[{"embeddable":true,"href":"https:\/\/www.freiburg-schwarzwald.de\/blog\/wp-json\/wp\/v2\/users\/4"}],"replies":[{"embeddable":true,"href":"https:\/\/www.freiburg-schwarzwald.de\/blog\/wp-json\/wp\/v2\/comments?post=20822"}],"version-history":[{"count":0,"href":"https:\/\/www.freiburg-schwarzwald.de\/blog\/wp-json\/wp\/v2\/posts\/20822\/revisions"}],"wp:attachment":[{"href":"https:\/\/www.freiburg-schwarzwald.de\/blog\/wp-json\/wp\/v2\/media?parent=20822"}],"wp:term":[{"taxonomy":"category","embeddable":true,"href":"https:\/\/www.freiburg-schwarzwald.de\/blog\/wp-json\/wp\/v2\/categories?post=20822"},{"taxonomy":"post_tag","embeddable":true,"href":"https:\/\/www.freiburg-schwarzwald.de\/blog\/wp-json\/wp\/v2\/tags?post=20822"}],"curies":[{"name":"wp","href":"https:\/\/api.w.org\/{rel}","templated":true}]}}