{"id":20705,"date":"2013-01-25T14:42:26","date_gmt":"2013-01-25T13:42:26","guid":{"rendered":"https:\/\/www.freiburg-schwarzwald.de\/blog\/?p=20705"},"modified":"2013-01-25T15:26:12","modified_gmt":"2013-01-25T14:26:12","slug":"demenzdorf-freie-bewegung","status":"publish","type":"post","link":"https:\/\/www.freiburg-schwarzwald.de\/blog\/demenzdorf-freie-bewegung\/","title":{"rendered":"Demenzdorf &#8211; freie Bewegung?"},"content":{"rendered":"<p>Demenzdorf als\u00a0nach aussen geschlossene Geb\u00e4udegruppe mit f\u00fcr einen Ort \u00fcblichen L\u00e4den, in dem das Pflegepersonal\u00a0inkognito etwa als Verk\u00e4ufer auftritt. Die <a title=\"Demenz\" href=\"https:\/\/www.freiburg-schwarzwald.de\/blog\/selbsthilfe\/chronisch\/demenz\/\">Kranken<\/a> k\u00f6nnen sich in ihrem \u201eViertel\u201c frei bewegen und sogar mit einer eigenen W\u00e4hrung einkaufen. Im niederl\u00e4ndischen Pilotprojekt: Geringe Kosten und\u00a0 niedriger Krankenstand.\u00a0Kritiker sehen darin die endg\u00fcltige Entm\u00fcndigung f\u00fcr die Betroffenen.<!--more--><\/p>\n<p>Demenzdorf als\u00a0abgesonderte Scheinwelt f\u00fcr Demenzkranke? Nein, da soziale <a title=\"Inklusion\" href=\"https:\/\/www.freiburg-schwarzwald.de\/blog\/bildung\/inklusion\/\">Inklusion<\/a> als vollst\u00e4ndige Teilhabe an der Gesellschaft die uneingeschr\u00e4nkte Solidarit\u00e4t aller erfordert &#8211; eine Traumvorstellung in unserer \u00a0individualisierten Gesellschaft,\u00a0 vor allem f\u00fcr Demenzkranke..<\/p>\n<p><strong>Demenzdorf Hogeweyk als Vorzeigeprojekt<\/strong><br \/>\nBei Amsterdam, in Weesp, ist ein komplettes Dorf f\u00fcr Demenzkranke errichtet worden. Patienten k\u00f6nnen sich auf dem gesamten Areal frei bewegen. Die Folge: Sie sind ruhiger, haben weniger Angst, rufen seltener nach Hilfe.\u00a0Bis vor kurzem waren die 140 Patienten in einem Hochhauskomplex untergebracht. Doch inzwischen sind alle in das neue Alzheimerviertel umgezogen: ein komplettes Dorf ,, De Hogeweyk\u201c mit Stra\u00dfen, G\u00e4rten und einem Dorfplatz mit Boule-Bahn. Selbst Supermarkt, Theater, Friseur und Sch\u00f6nheitssalon fehlen nicht. Auch einen Hausarzt gibt es und eine Praxis f\u00fcr Physiotherapie. &#8230;<br \/>\n<a href=\"https:\/\/www.innovationskreisdemenz.de\/Duits\/Artikel\/-Dorf-f%C3%BCr-Alzheimerpatienten-in-den-Niederlanden.aspx\">https:\/\/www.innovationskreisdemenz.de\/Duits\/Artikel\/-Dorf-f%C3%BCr-Alzheimerpatienten-in-den-Niederlanden.aspx<\/a><\/p>\n<p>In De Hogeweyk &#8211; van verpleeghuis Hogewey &#8211;\u00a0wonen 152 dementerende ouderen in een speciaal voor hen gebouwde wijk met 23 woningen.<br \/>\n<a href=\"https:\/\/www.vivium.nl\/hogewey_weesp\">https:\/\/www.vivium.nl\/hogewey_weesp<\/a><\/p>\n<p><strong>Erstes deutsches Demenzdorf in Alzey geplant<\/strong><br \/>\nIn Alzey soll das erste Demenzdorf in Deutschland entstehen. In dem \u201cStadtquartier f\u00fcr Menschen mit Demenz\u201d werden 120 pflegebed\u00fcrftige Menschen leben. &#8230;. Kritiker weisen allerdings auf die starke Abschottung der Erkrankten hin. Es bestehe zwar keine Kasernierung, aber eine starke \u00dcberwachung. Einerseits diene diese dem Schutz der Demenzkranken, andererseits werde dadurch aber auch der Kontakt zur normalen Bev\u00f6lkerung auf ein Minimum beschr\u00e4nkt. &#8230;.<br \/>\n<a href=\"https:\/\/news.wohnen-im-alter.de\/2012\/04\/20\/erstes-demenzdorf-in-deutschland-geplant\/\">https:\/\/news.wohnen-im-alter.de\/2012\/04\/20\/erstes-demenzdorf-in-deutschland-geplant\/<\/a>\u00a0<\/p>\n<p><strong>Erstes schweizerische Demenzdorf in Wiedlisbach<\/strong><br \/>\nF\u00fcr das erste schweizerische Demenzdorf in Wiedlisbach soll die Projektierung Mitte 2015 fertig sein. Zudem sei man bei einer Erweiterung des geplanten Demenzdorfes auf das Areal des Bauernhofes angewiesen. F\u00fcr die Heimbewohner h\u00e4tten die Tiere nur noch einen emotionalen Wert.<br \/>\n<a href=\"https:\/\/www.bernerzeitung.ch\/region\/emmental\/Das-erste-Demenzdorf-soll-2018-fertig-sein\/story\/11629460\">https:\/\/www.bernerzeitung.ch\/region\/emmental\/Das-erste-Demenzdorf-soll-2018-fertig-sein\/story\/11629460<\/a><br \/>\n<a href=\"https:\/\/www.dahlia.ch\/jwa\/de\/startseite.jsp\">https:\/\/www.dahlia.ch\/jwa\/de\/startseite.jsp<\/a><\/p>\n","protected":false},"excerpt":{"rendered":"<p>Demenzdorf als\u00a0nach aussen geschlossene Geb\u00e4udegruppe mit f\u00fcr einen Ort \u00fcblichen L\u00e4den, in dem das Pflegepersonal\u00a0inkognito etwa als Verk\u00e4ufer auftritt. Die Kranken k\u00f6nnen sich in ihrem \u201eViertel\u201c frei bewegen und sogar mit einer eigenen W\u00e4hrung einkaufen. Im niederl\u00e4ndischen Pilotprojekt: Geringe Kosten &hellip; <a href=\"https:\/\/www.freiburg-schwarzwald.de\/blog\/demenzdorf-freie-bewegung\/\">Weiterlesen <span class=\"meta-nav\">&rarr;<\/span><\/a><\/p>\n","protected":false},"author":4,"featured_media":0,"comment_status":"open","ping_status":"closed","sticky":false,"template":"","format":"standard","meta":{"footnotes":""},"categories":[39,91],"tags":[727,714],"class_list":["post-20705","post","type-post","status-publish","format-standard","hentry","category-pflege","category-wohnen","tag-demenz","tag-pflege"],"_links":{"self":[{"href":"https:\/\/www.freiburg-schwarzwald.de\/blog\/wp-json\/wp\/v2\/posts\/20705","targetHints":{"allow":["GET"]}}],"collection":[{"href":"https:\/\/www.freiburg-schwarzwald.de\/blog\/wp-json\/wp\/v2\/posts"}],"about":[{"href":"https:\/\/www.freiburg-schwarzwald.de\/blog\/wp-json\/wp\/v2\/types\/post"}],"author":[{"embeddable":true,"href":"https:\/\/www.freiburg-schwarzwald.de\/blog\/wp-json\/wp\/v2\/users\/4"}],"replies":[{"embeddable":true,"href":"https:\/\/www.freiburg-schwarzwald.de\/blog\/wp-json\/wp\/v2\/comments?post=20705"}],"version-history":[{"count":0,"href":"https:\/\/www.freiburg-schwarzwald.de\/blog\/wp-json\/wp\/v2\/posts\/20705\/revisions"}],"wp:attachment":[{"href":"https:\/\/www.freiburg-schwarzwald.de\/blog\/wp-json\/wp\/v2\/media?parent=20705"}],"wp:term":[{"taxonomy":"category","embeddable":true,"href":"https:\/\/www.freiburg-schwarzwald.de\/blog\/wp-json\/wp\/v2\/categories?post=20705"},{"taxonomy":"post_tag","embeddable":true,"href":"https:\/\/www.freiburg-schwarzwald.de\/blog\/wp-json\/wp\/v2\/tags?post=20705"}],"curies":[{"name":"wp","href":"https:\/\/api.w.org\/{rel}","templated":true}]}}