{"id":20422,"date":"2013-01-19T22:02:02","date_gmt":"2013-01-19T21:02:02","guid":{"rendered":"https:\/\/www.freiburg-schwarzwald.de\/blog\/?p=20422"},"modified":"2013-02-02T13:41:56","modified_gmt":"2013-02-02T12:41:56","slug":"rinklin-naturkost-eichstetten","status":"publish","type":"post","link":"https:\/\/www.freiburg-schwarzwald.de\/blog\/rinklin-naturkost-eichstetten\/","title":{"rendered":"Rinklin Naturkost Eichstetten"},"content":{"rendered":"<p>Im Jahr 1975 hat Wilhelm Rinklin den Gro\u00dfhandel Rinklin Naturkost GmbH in <a title=\"Eichstetten\" href=\"https:\/\/www.freiburg-schwarzwald.de\/blog\/regio\/orte\/eichstetten\/\">Eichstetten am Kaiserstuhl <\/a>gegr\u00fcndet. Hier hat Wilhelm Rinklin sen. bereits 1955 mit Unterst\u00fctzung aus der Schweiz den <a title=\"Oeko\" href=\"https:\/\/www.freiburg-schwarzwald.de\/blog\/natur\/landwirt\/oeko\/\">Bioland<\/a>-Anbau in Deutschland mitbegr\u00fcndet. 20 Prozent der Landwirtschaftsfl\u00e4che wird in Eichstetten bereits \u00f6kologisch bewirtschaftet. Nach 15 Monaten intensiver Kommunikation und Zukunftsplanung sind die drei S\u00f6hne Armin, Harald und Jochen in unterschiedlichen Betriebsfeldern jetzt als Gesch\u00e4ftsf\u00fchrer in die Familienfirma eingetreten.<!--more--><\/p>\n<div align=\"center\">\n<div>\n<div align=\"left\">Das Ehepaar Lydia Rinklin und Wilhelm Rinklin sen. aus Eichstetten am Kaiserstuhl haben vor 58 Jahren als ehemals verlachte Pioniere konsequent den Biolandbau in Deutschland vorangetrieben. 20 Prozent der Landwirtschaftsfl\u00e4che wird in der Heimatgemeinde Eichstetten jetzt \u00f6kologisch bewirtschaftet. Mit 180 engagierten Mitarbeiterinnen und Mitarbeiter geh\u00f6rt die Firma Rinklin zum gr\u00f6\u00dften Arbeitgeber im Ort. 27 K\u00fchllastkraftwagen sind au\u00dfer einer kurzen Sonntagspause Tag und Nacht zu den 600 Kunden in S\u00fcdwestdeutschland und dem Elsa\u00df unterwegs. Beispielhaft ist das in den letzten acht Jahren entwickelte Heizungs- und K\u00fchlsystem. Dank einer hohen Energieeffizienz werden nur 2,5 Promille des Umsatzes f\u00fcr K\u00fchlung, Beleuchtung und Heizung ben\u00f6tigt. Elke R\u00f6der vom BNN, die zum Staffelwechsel nach Eichstetten kam, hat bei den 250 Mitgliedsfirmen ihres Verbandes selten einen so konsequenten und kommunikativen Generationswechsel erlebt.<br \/>\n19.1.2013, <a href=\"mailto:em@biopress.de\">em@biopress.de<\/a>\u00a0<\/div>\n<\/div>\n<\/div>\n<p>Rinklin Naturkost GmbH<br \/>\nBruckmatten 18, 79356 Eichstetten, Tel 07663 9394 0<br \/>\n<a href=\"https:\/\/www.rinklin-naturkost.de\">www.rinklin-naturkost.de<\/a><\/p>\n","protected":false},"excerpt":{"rendered":"<p>Im Jahr 1975 hat Wilhelm Rinklin den Gro\u00dfhandel Rinklin Naturkost GmbH in Eichstetten am Kaiserstuhl gegr\u00fcndet. Hier hat Wilhelm Rinklin sen. bereits 1955 mit Unterst\u00fctzung aus der Schweiz den Bioland-Anbau in Deutschland mitbegr\u00fcndet. 20 Prozent der Landwirtschaftsfl\u00e4che wird in Eichstetten &hellip; <a href=\"https:\/\/www.freiburg-schwarzwald.de\/blog\/rinklin-naturkost-eichstetten\/\">Weiterlesen <span class=\"meta-nav\">&rarr;<\/span><\/a><\/p>\n","protected":false},"author":4,"featured_media":0,"comment_status":"open","ping_status":"closed","sticky":false,"template":"","format":"standard","meta":{"footnotes":""},"categories":[178,201],"tags":[286,329],"class_list":["post-20422","post","type-post","status-publish","format-standard","hentry","category-kaiserstuhl","category-landwirt","tag-bioland","tag-jubilaeum"],"_links":{"self":[{"href":"https:\/\/www.freiburg-schwarzwald.de\/blog\/wp-json\/wp\/v2\/posts\/20422","targetHints":{"allow":["GET"]}}],"collection":[{"href":"https:\/\/www.freiburg-schwarzwald.de\/blog\/wp-json\/wp\/v2\/posts"}],"about":[{"href":"https:\/\/www.freiburg-schwarzwald.de\/blog\/wp-json\/wp\/v2\/types\/post"}],"author":[{"embeddable":true,"href":"https:\/\/www.freiburg-schwarzwald.de\/blog\/wp-json\/wp\/v2\/users\/4"}],"replies":[{"embeddable":true,"href":"https:\/\/www.freiburg-schwarzwald.de\/blog\/wp-json\/wp\/v2\/comments?post=20422"}],"version-history":[{"count":0,"href":"https:\/\/www.freiburg-schwarzwald.de\/blog\/wp-json\/wp\/v2\/posts\/20422\/revisions"}],"wp:attachment":[{"href":"https:\/\/www.freiburg-schwarzwald.de\/blog\/wp-json\/wp\/v2\/media?parent=20422"}],"wp:term":[{"taxonomy":"category","embeddable":true,"href":"https:\/\/www.freiburg-schwarzwald.de\/blog\/wp-json\/wp\/v2\/categories?post=20422"},{"taxonomy":"post_tag","embeddable":true,"href":"https:\/\/www.freiburg-schwarzwald.de\/blog\/wp-json\/wp\/v2\/tags?post=20422"}],"curies":[{"name":"wp","href":"https:\/\/api.w.org\/{rel}","templated":true}]}}