{"id":20205,"date":"2013-01-16T10:28:53","date_gmt":"2013-01-16T09:28:53","guid":{"rendered":"https:\/\/www.freiburg-schwarzwald.de\/blog\/?p=20205"},"modified":"2013-01-16T10:30:24","modified_gmt":"2013-01-16T09:30:24","slug":"maximilian-kolbe-werk-ist-40","status":"publish","type":"post","link":"https:\/\/www.freiburg-schwarzwald.de\/blog\/maximilian-kolbe-werk-ist-40\/","title":{"rendered":"Maximilian-Kolbe-Werk ist 40"},"content":{"rendered":"<p>Im 40. Jahr seines Bestehens l\u00e4dt das in Freiburg ans\u00e4ssige <a title=\"Maximilian-Kolbe-Werk\" href=\"https:\/\/www.freiburg-schwarzwald.de\/blog\/global\/einewelt\/maximilian-kolbe-werk\/\">Maximilian-Kolbe-Werk<\/a> junge Journalisten zur Internationalen Begegnung \u201eNahaufnahme 2013 \u2013 Damit die Erinnerung \u00fcberlebt\u201c ein. Vom 22. bis 28. Januar treffen sich 21 junge Erwachsene aus Deutschland, Polen, \u00d6sterreich, Schweiz, Tschechien, Armenien, Litauen, Rum\u00e4nien, Ukraine, Russland und Wei\u00dfrussland mit \u00dcberlebenden der Konzentrationslager und Ghettos in O\u015bwi\u0119cim (Auschwitz), Polen.<\/p>\n","protected":false},"excerpt":{"rendered":"<p>Im 40. Jahr seines Bestehens l\u00e4dt das in Freiburg ans\u00e4ssige Maximilian-Kolbe-Werk junge Journalisten zur Internationalen Begegnung \u201eNahaufnahme 2013 \u2013 Damit die Erinnerung \u00fcberlebt\u201c ein. Vom 22. bis 28. Januar treffen sich 21 junge Erwachsene aus Deutschland, Polen, \u00d6sterreich, Schweiz, Tschechien, &hellip; <a href=\"https:\/\/www.freiburg-schwarzwald.de\/blog\/maximilian-kolbe-werk-ist-40\/\">Weiterlesen <span class=\"meta-nav\">&rarr;<\/span><\/a><\/p>\n","protected":false},"author":4,"featured_media":0,"comment_status":"open","ping_status":"closed","sticky":false,"template":"","format":"standard","meta":{"footnotes":""},"categories":[14,165],"tags":[420],"class_list":["post-20205","post","type-post","status-publish","format-standard","hentry","category-global","category-twintowns","tag-juden"],"_links":{"self":[{"href":"https:\/\/www.freiburg-schwarzwald.de\/blog\/wp-json\/wp\/v2\/posts\/20205","targetHints":{"allow":["GET"]}}],"collection":[{"href":"https:\/\/www.freiburg-schwarzwald.de\/blog\/wp-json\/wp\/v2\/posts"}],"about":[{"href":"https:\/\/www.freiburg-schwarzwald.de\/blog\/wp-json\/wp\/v2\/types\/post"}],"author":[{"embeddable":true,"href":"https:\/\/www.freiburg-schwarzwald.de\/blog\/wp-json\/wp\/v2\/users\/4"}],"replies":[{"embeddable":true,"href":"https:\/\/www.freiburg-schwarzwald.de\/blog\/wp-json\/wp\/v2\/comments?post=20205"}],"version-history":[{"count":0,"href":"https:\/\/www.freiburg-schwarzwald.de\/blog\/wp-json\/wp\/v2\/posts\/20205\/revisions"}],"wp:attachment":[{"href":"https:\/\/www.freiburg-schwarzwald.de\/blog\/wp-json\/wp\/v2\/media?parent=20205"}],"wp:term":[{"taxonomy":"category","embeddable":true,"href":"https:\/\/www.freiburg-schwarzwald.de\/blog\/wp-json\/wp\/v2\/categories?post=20205"},{"taxonomy":"post_tag","embeddable":true,"href":"https:\/\/www.freiburg-schwarzwald.de\/blog\/wp-json\/wp\/v2\/tags?post=20205"}],"curies":[{"name":"wp","href":"https:\/\/api.w.org\/{rel}","templated":true}]}}