{"id":19730,"date":"2013-01-08T19:37:47","date_gmt":"2013-01-08T18:37:47","guid":{"rendered":"https:\/\/www.freiburg-schwarzwald.de\/blog\/?p=19730"},"modified":"2013-01-08T19:42:29","modified_gmt":"2013-01-08T18:42:29","slug":"klimaschutz-konkret-projekt-der-innovation-academy","status":"publish","type":"post","link":"https:\/\/www.freiburg-schwarzwald.de\/blog\/klimaschutz-konkret-projekt-der-innovation-academy\/","title":{"rendered":"Klimaschutz konkret: Projekt der Innovation Academy"},"content":{"rendered":"<p>Das Langzeitprojekt &#8222;Klimaschutz konkret&#8220; wurde von der Innovation Academy e. V. aus Freiburg initiiert. Am Projekt sind die drei <a title=\"Schulen\" href=\"https:\/\/www.freiburg-schwarzwald.de\/blog\/bildung\/schulen\/\">Freiburger Gymnasien<\/a>\u00a0mit jeweils einer 9. Klasse beteiligt: Kepler, St. Ursula und Wentzinger.\u00a0 &#8222;Klimaschutz konkret&#8220; wendet sich an die Sch\u00fclerinnen und Sch\u00fcler,\u00a0bezieht aber auch deren Familienhaushalte mit ein bei der Bearbeitung der sechs folgenden Schwerpunkten: <a title=\"Klima\" href=\"https:\/\/www.freiburg-schwarzwald.de\/blog\/natur\/klima\/\">Klimawandel<\/a>, Elektrizit\u00e4t \/ <a title=\"Erneuerbare100Prozent\" href=\"https:\/\/www.freiburg-schwarzwald.de\/blog\/energie\/energiepolitik\/erneuerbare100prozent\/\">erneuerbare Energien<\/a>, Heizung \/ Warmwasser, Haushaltsm\u00fcll, <a title=\"Wegwerfkultur\" href=\"https:\/\/www.freiburg-schwarzwald.de\/blog\/kultur\/wegwerfkultur\/\">Konsum<\/a> \/ <a title=\"Nahrungsmittelverschwendung\" href=\"https:\/\/www.freiburg-schwarzwald.de\/blog\/natur\/umwelt\/abfall\/nahrungsmittelverschwendung\/\">Lebensmittel<\/a> und Mobilit\u00e4t.\u00a0 <!--more-->F\u00fcr die Unterst\u00fctzung der\u00a0 beteiligten Lehrerinnen und Lehrer erstellt die Innovation Academy seit September 2012 ein p\u00e4dagogisches Handbuch und f\u00fchrt als au\u00dferschulischer Partner mit den Klassen themenspezifische Exkursionen in der Region durch.\u00a0<br \/>\nIm Januar 2013 beginnt der einj\u00e4hrige Messzeitraum f\u00fcr Strom, Heizung und Warmwasser in den Elternhaushalten. Erstmals soll in Deutschland gemessen werden, ob sich umweltp\u00e4dagogische Unterrichtseinheiten auf die beteiligten Sch\u00fclerhaushalte in Form von konkreten CO2-Reduktionen auswirken. Das Projekt ist au\u00dferdem als Wettbewerb zwischen den 3 Klassen angelegt. Die anonymisierten Daten werden klassenweise erhoben und z\u00e4hlen neben begleitenden Aktionen w\u00e4hrend des Schuljahres und einer abschlie\u00dfenden Ausstellungspr\u00e4sentation jeweils zu 50 Prozent. Im April 2014 findet dann die Abschlussveranstaltung in Freiburg statt.<br \/>\n\u00a0&#8222;Klimaschutz konkret&#8220;\u00a0 wird durch die Deutsche Bundesstiftung Umwelt (DBU) und das Landesumweltministerium Baden-W\u00fcrttemberg, sowie von zahlreichen Sponsoren aus der regionalen Wirtschaft gef\u00f6rdert.<\/p>\n<p><em>Auftaktveranstaltung &#8222;Klimaschutz konkret&#8220; am Donnerstag, den 10. Januar 2013 um 18:00 Uhr im Konzerthaus Freiburg. Die Freiburger Umweltb\u00fcrgermeisterin Gerda Stuchlik unterst\u00fctzt die Veranstaltung mit einem Gru\u00dfwort. Sch\u00fclerinnen und Sch\u00fcler gestalten das Rahmenprogramm und zeigen Fotos von den bereits im Herbst durchgef\u00fchrten Exkursionen<\/em>.\u00a0<br \/>\n<a href=\"https:\/\/www.innovation-academy.de\/de\/projekte.html\">www.innovation-academy.de\/de\/projekte.html<\/a><\/p>\n","protected":false},"excerpt":{"rendered":"<p>Das Langzeitprojekt &#8222;Klimaschutz konkret&#8220; wurde von der Innovation Academy e. V. aus Freiburg initiiert. Am Projekt sind die drei Freiburger Gymnasien\u00a0mit jeweils einer 9. Klasse beteiligt: Kepler, St. Ursula und Wentzinger.\u00a0 &#8222;Klimaschutz konkret&#8220; wendet sich an die Sch\u00fclerinnen und Sch\u00fcler,\u00a0bezieht &hellip; <a href=\"https:\/\/www.freiburg-schwarzwald.de\/blog\/klimaschutz-konkret-projekt-der-innovation-academy\/\">Weiterlesen <span class=\"meta-nav\">&rarr;<\/span><\/a><\/p>\n","protected":false},"author":4,"featured_media":0,"comment_status":"open","ping_status":"closed","sticky":false,"template":"","format":"standard","meta":{"footnotes":""},"categories":[135,40,95,171],"tags":[373],"class_list":["post-19730","post","type-post","status-publish","format-standard","hentry","category-energiepolitik","category-klima","category-schulen","category-verbraucher","tag-projekt"],"_links":{"self":[{"href":"https:\/\/www.freiburg-schwarzwald.de\/blog\/wp-json\/wp\/v2\/posts\/19730","targetHints":{"allow":["GET"]}}],"collection":[{"href":"https:\/\/www.freiburg-schwarzwald.de\/blog\/wp-json\/wp\/v2\/posts"}],"about":[{"href":"https:\/\/www.freiburg-schwarzwald.de\/blog\/wp-json\/wp\/v2\/types\/post"}],"author":[{"embeddable":true,"href":"https:\/\/www.freiburg-schwarzwald.de\/blog\/wp-json\/wp\/v2\/users\/4"}],"replies":[{"embeddable":true,"href":"https:\/\/www.freiburg-schwarzwald.de\/blog\/wp-json\/wp\/v2\/comments?post=19730"}],"version-history":[{"count":0,"href":"https:\/\/www.freiburg-schwarzwald.de\/blog\/wp-json\/wp\/v2\/posts\/19730\/revisions"}],"wp:attachment":[{"href":"https:\/\/www.freiburg-schwarzwald.de\/blog\/wp-json\/wp\/v2\/media?parent=19730"}],"wp:term":[{"taxonomy":"category","embeddable":true,"href":"https:\/\/www.freiburg-schwarzwald.de\/blog\/wp-json\/wp\/v2\/categories?post=19730"},{"taxonomy":"post_tag","embeddable":true,"href":"https:\/\/www.freiburg-schwarzwald.de\/blog\/wp-json\/wp\/v2\/tags?post=19730"}],"curies":[{"name":"wp","href":"https:\/\/api.w.org\/{rel}","templated":true}]}}