{"id":19723,"date":"2013-01-08T18:52:33","date_gmt":"2013-01-08T17:52:33","guid":{"rendered":"https:\/\/www.freiburg-schwarzwald.de\/blog\/?p=19723"},"modified":"2013-01-08T18:58:37","modified_gmt":"2013-01-08T17:58:37","slug":"gruene-ideen-plattform-online","status":"publish","type":"post","link":"https:\/\/www.freiburg-schwarzwald.de\/blog\/gruene-ideen-plattform-online\/","title":{"rendered":"Gruene Ideen Plattform online"},"content":{"rendered":"<p>Der\u00a0von der Freiburger Wirtschaftsf\u00f6rderungsgesellschaft <a title=\"Tourismus\" href=\"https:\/\/www.freiburg-schwarzwald.de\/blog\/tourismus\/\">FWTM<\/a> gelenkte Cluster &#8222;<a title=\"Freiburg\" href=\"https:\/\/www.freiburg-schwarzwald.de\/blog\/regio\/freiburg\/\">Green City <\/a>Freiburg&#8220; &#8211;\u00a02009 mit 255 000 Euro an FWTM-Mitteln sowie 345 000 Euro Steuergeld von\u00a0EU und\u00a0Land BW gegr\u00fcndet,\u00a0bietet nun auch eine Onlineplattform f\u00fcr &#8222;Green Ideas&#8220; an. Jeder kann Ideen zu <a title=\"Nachhaltigkeit\" href=\"https:\/\/www.freiburg-schwarzwald.de\/blog\/natur\/klima\/nachhaltigkeit\/\">Nachhaltigkeit<\/a> oder <a title=\"Oeko\" href=\"https:\/\/www.freiburg-schwarzwald.de\/blog\/natur\/landwirt\/oeko\/\">\u00d6kologie<\/a> eintragen, derzeit reichen sie vom CO<sub>2<\/sub>-freien Skigebiet Feldberg \u00fcber eine Abwrackpr\u00e4mie f\u00fcr Haushaltsger\u00e4te bis zum wasserstoffbasierten Mo-bilit\u00e4tskonzept. Die \u00f6ffentliche F\u00f6rderung des Clusters wurde bis 31.3.2013 verl\u00e4ngert.<br \/>\n<a href=\"https:\/\/www.greencity-cluster.de\/green-ideas\">www.greencity-cluster.de\/green-ideas<\/a><\/p>\n","protected":false},"excerpt":{"rendered":"<p>Der\u00a0von der Freiburger Wirtschaftsf\u00f6rderungsgesellschaft FWTM gelenkte Cluster &#8222;Green City Freiburg&#8220; &#8211;\u00a02009 mit 255 000 Euro an FWTM-Mitteln sowie 345 000 Euro Steuergeld von\u00a0EU und\u00a0Land BW gegr\u00fcndet,\u00a0bietet nun auch eine Onlineplattform f\u00fcr &#8222;Green Ideas&#8220; an. Jeder kann Ideen zu Nachhaltigkeit oder &hellip; <a href=\"https:\/\/www.freiburg-schwarzwald.de\/blog\/gruene-ideen-plattform-online\/\">Weiterlesen <span class=\"meta-nav\">&rarr;<\/span><\/a><\/p>\n","protected":false},"author":4,"featured_media":0,"comment_status":"open","ping_status":"closed","sticky":false,"template":"","format":"standard","meta":{"footnotes":""},"categories":[135,162,141,7,171],"tags":[41,258,494],"class_list":["post-19723","post","type-post","status-publish","format-standard","hentry","category-energiepolitik","category-internet","category-nachhaltigkeit","category-tourismus","category-verbraucher","tag-nachhaltig","tag-oekologie","tag-online"],"_links":{"self":[{"href":"https:\/\/www.freiburg-schwarzwald.de\/blog\/wp-json\/wp\/v2\/posts\/19723","targetHints":{"allow":["GET"]}}],"collection":[{"href":"https:\/\/www.freiburg-schwarzwald.de\/blog\/wp-json\/wp\/v2\/posts"}],"about":[{"href":"https:\/\/www.freiburg-schwarzwald.de\/blog\/wp-json\/wp\/v2\/types\/post"}],"author":[{"embeddable":true,"href":"https:\/\/www.freiburg-schwarzwald.de\/blog\/wp-json\/wp\/v2\/users\/4"}],"replies":[{"embeddable":true,"href":"https:\/\/www.freiburg-schwarzwald.de\/blog\/wp-json\/wp\/v2\/comments?post=19723"}],"version-history":[{"count":0,"href":"https:\/\/www.freiburg-schwarzwald.de\/blog\/wp-json\/wp\/v2\/posts\/19723\/revisions"}],"wp:attachment":[{"href":"https:\/\/www.freiburg-schwarzwald.de\/blog\/wp-json\/wp\/v2\/media?parent=19723"}],"wp:term":[{"taxonomy":"category","embeddable":true,"href":"https:\/\/www.freiburg-schwarzwald.de\/blog\/wp-json\/wp\/v2\/categories?post=19723"},{"taxonomy":"post_tag","embeddable":true,"href":"https:\/\/www.freiburg-schwarzwald.de\/blog\/wp-json\/wp\/v2\/tags?post=19723"}],"curies":[{"name":"wp","href":"https:\/\/api.w.org\/{rel}","templated":true}]}}