{"id":19696,"date":"2013-01-07T18:23:55","date_gmt":"2013-01-07T17:23:55","guid":{"rendered":"https:\/\/www.freiburg-schwarzwald.de\/blog\/?p=19696"},"modified":"2013-01-07T18:31:07","modified_gmt":"2013-01-07T17:31:07","slug":"tras-klagt-gegen-akw-leibstadt","status":"publish","type":"post","link":"https:\/\/www.freiburg-schwarzwald.de\/blog\/tras-klagt-gegen-akw-leibstadt\/","title":{"rendered":"TRAS klagt gegen AKW Leibstadt"},"content":{"rendered":"<p><a title=\"Greenpeace\" href=\"https:\/\/www.freiburg-schwarzwald.de\/blog\/vereine\/greenpeace\/\">Greenpeace<\/a> Schweiz und der<a title=\"Trirhena\" href=\"https:\/\/www.freiburg-schwarzwald.de\/blog\/regio\/trirhena\/\"> Trinationale Atomschutzverband (TRAS)<\/a> haben gegen die Atomkraftwerke G\u00f6sgen und Leibstadt Strafanzeige eingereicht. Sie werfen den <a title=\"Schweiz\" href=\"https:\/\/www.freiburg-schwarzwald.de\/blog\/global\/schweiz\/\">Schweizer<\/a>\u00a0<a title=\"AKW\" href=\"https:\/\/www.freiburg-schwarzwald.de\/blog\/energie\/akw\/\">AKW-Betreibern <\/a>Bilanzf\u00e4lschungen vor, die jedoch nur die Spitze des Eisbergs seien.<!--more--><\/p>\n<p><strong>Urkundenf\u00e4lschung sowie Entsorgungskosten<\/strong><br \/>\n\u00abZwei in der Schweiz aktive Kernkraft-Gesellschaften haben fiktives Eigenkapital in ihren Bilanzen &#8211; Geld, das es in Wirklichkeit nicht gibt und nie gegeben hat\u00bb, sagte alt Nationalrat Rudolf Rechsteiner (SP\/BS). \u00abOhne Nachfinanzierung m\u00fcssen sie gem\u00e4ss Obligationenrecht Konkurs anmelden.\u00bb Deshalb fordern TRAS und Greenpeace unter anderem, dass die beiden Unternehmen finanziell saniert und in dieser Zeit keine Dividenden ausbezahlt werden. Zudem sollen die Atomkraft-Bef\u00fcrworter das Argument der tiefen Produktionskosten nicht mehr zum Nachteil anderer Energieformen nutzen d\u00fcrfen. Die Urkundenf\u00e4lschung ist f\u00fcr Rechsteiner jedoch nur die Spitze des Eisbergs eines gr\u00f6sseren Problems: demjenigen der Stilllegung und Entsorgung, das die AKW-Betreiber &#8211; oder die Steuerzahlenden &#8211; teuer zu stehen kommt. &#8230;.<br \/>\nAlles vom 7.1.2013 bitte lesen auf<br \/>\n<a href=\"https:\/\/www.20min.ch\/schweiz\/dossier\/atomenergie\/story\/Strafanzeige-gegen-Goesgen-und-Leibstadt-17206524\">www.20min.ch\/schweiz\/dossier\/atomenergie\/story\/Strafanzeige-gegen-Goesgen-und-Leibstadt-17206524<\/a><\/p>\n<p>&nbsp;<\/p>\n","protected":false},"excerpt":{"rendered":"<p>Greenpeace Schweiz und der Trinationale Atomschutzverband (TRAS) haben gegen die Atomkraftwerke G\u00f6sgen und Leibstadt Strafanzeige eingereicht. Sie werfen den Schweizer\u00a0AKW-Betreibern Bilanzf\u00e4lschungen vor, die jedoch nur die Spitze des Eisbergs seien.<\/p>\n","protected":false},"author":4,"featured_media":0,"comment_status":"open","ping_status":"closed","sticky":false,"template":"","format":"standard","meta":{"footnotes":""},"categories":[164,219],"tags":[163],"class_list":["post-19696","post","type-post","status-publish","format-standard","hentry","category-akw","category-schweiz","tag-atomkraft"],"_links":{"self":[{"href":"https:\/\/www.freiburg-schwarzwald.de\/blog\/wp-json\/wp\/v2\/posts\/19696","targetHints":{"allow":["GET"]}}],"collection":[{"href":"https:\/\/www.freiburg-schwarzwald.de\/blog\/wp-json\/wp\/v2\/posts"}],"about":[{"href":"https:\/\/www.freiburg-schwarzwald.de\/blog\/wp-json\/wp\/v2\/types\/post"}],"author":[{"embeddable":true,"href":"https:\/\/www.freiburg-schwarzwald.de\/blog\/wp-json\/wp\/v2\/users\/4"}],"replies":[{"embeddable":true,"href":"https:\/\/www.freiburg-schwarzwald.de\/blog\/wp-json\/wp\/v2\/comments?post=19696"}],"version-history":[{"count":0,"href":"https:\/\/www.freiburg-schwarzwald.de\/blog\/wp-json\/wp\/v2\/posts\/19696\/revisions"}],"wp:attachment":[{"href":"https:\/\/www.freiburg-schwarzwald.de\/blog\/wp-json\/wp\/v2\/media?parent=19696"}],"wp:term":[{"taxonomy":"category","embeddable":true,"href":"https:\/\/www.freiburg-schwarzwald.de\/blog\/wp-json\/wp\/v2\/categories?post=19696"},{"taxonomy":"post_tag","embeddable":true,"href":"https:\/\/www.freiburg-schwarzwald.de\/blog\/wp-json\/wp\/v2\/tags?post=19696"}],"curies":[{"name":"wp","href":"https:\/\/api.w.org\/{rel}","templated":true}]}}