{"id":19638,"date":"2013-01-06T20:53:07","date_gmt":"2013-01-06T19:53:07","guid":{"rendered":"https:\/\/www.freiburg-schwarzwald.de\/blog\/?p=19638"},"modified":"2013-01-06T20:56:24","modified_gmt":"2013-01-06T19:56:24","slug":"heidi-knoblich-liest-winteraepfel","status":"publish","type":"post","link":"https:\/\/www.freiburg-schwarzwald.de\/blog\/heidi-knoblich-liest-winteraepfel\/","title":{"rendered":"Heidi Knoblich liest Winteraepfel"},"content":{"rendered":"<p align=\"left\">Am Sonntag, den 20. Januar 2013, um 17 Uhr, liest und erz\u00e4hlt <a title=\"Dichter\" href=\"https:\/\/www.freiburg-schwarzwald.de\/blog\/kultur\/dichter\/\">Heidi Knoblich <\/a>im \u201eDeutschen Haus&#8220; in Freiburg aus ihrem Roman \u201eWinter\u00e4pfel&#8220;. Dieser erfolgreiche <a title=\"Buch\" href=\"https:\/\/www.freiburg-schwarzwald.de\/blog\/kultur\/dichter\/literatur\/buch\/\">Roman<\/a> erz\u00e4hlt aus dem Leben einer Frau, die ihrer Zeit immer einen Gedankenschritt voraus war und ihre Tr\u00e4ume verwirklichte. Es ist eine Geschichte vom Leben und \u00dcberleben im Schwarzwald um 1900 vor dem Hintergrund des entstehenden <a title=\"Tourismus\" href=\"https:\/\/www.freiburg-schwarzwald.de\/blog\/tourismus\/\">Fremdenverkehrs<!--more--><\/a> und des Skisports, der durch Fanny Mayers Initiative auf dem Feldberg f\u00fcr ganz Mitteleuropa seinen Anfang genommen hat. Ein Telegramm ruft Fanny Mayer von ihrer Dienststelle im vornehmen Basler Haus durch Wind und Schnee auf den rauen Feldberg. Dort oben erwarten sie ein mutterloses Kind, ein angeschlagener Bruder, ein verlassenes Gasthaus, ein paar alte Pfannen und dieser elende Winter, die sie wie lebendig begraben von der Welt trennt. Bis eines Abends ein seltsamer Gast anklopft. Heidi Knoblichs historischer Roman \u201eWinter\u00e4pfel&#8220; ist im November 2012 in der siebten Auflage erschienen.<br \/>\nMit \u201eWinter\u00e4pfel&#8220; hat Heidi Knoblich den Roman des Schwarzwaldtourismus geschrieben. Heidi Knoblich ist Erz\u00e4hlerin, Autorin historischer Romane und B\u00fchnenst\u00fccke und Mitarbeiterin des S\u00fcdwestrundfunks Studio Freiburg. Sie ist bekannt f\u00fcr ihre Radio-Beitr\u00e4ge, die sich mit dem Land Baden, seinen Menschen und deren Sprache befassen.<\/p>\n<p>Eintritt 6,- \u20ac, Ein Glas Wei\u00dfwein &amp; Rillettes auf Bauernbrot inbegriffen.<br \/>\nReservierung erbeten: Tel 0761\/24 500,\u00a0<a href=\"mailto:info@deutscheshaus-freiburg.de\">info@deutscheshaus-freiburg.de<\/a>\u00a0,\u00a0 <a href=\"https:\/\/www.deutscheshaus-freiburg.de\">www.deutscheshaus-freiburg.de<\/a><br \/>\n<a href=\"https:\/\/www.heidi-knoblich.de\/\">www.heidi-knoblich.de<\/a><\/p>\n","protected":false},"excerpt":{"rendered":"<p>Am Sonntag, den 20. Januar 2013, um 17 Uhr, liest und erz\u00e4hlt Heidi Knoblich im \u201eDeutschen Haus&#8220; in Freiburg aus ihrem Roman \u201eWinter\u00e4pfel&#8220;. Dieser erfolgreiche Roman erz\u00e4hlt aus dem Leben einer Frau, die ihrer Zeit immer einen Gedankenschritt voraus war &hellip; <a href=\"https:\/\/www.freiburg-schwarzwald.de\/blog\/heidi-knoblich-liest-winteraepfel\/\">Weiterlesen <span class=\"meta-nav\">&rarr;<\/span><\/a><\/p>\n","protected":false},"author":4,"featured_media":0,"comment_status":"open","ping_status":"closed","sticky":false,"template":"","format":"standard","meta":{"footnotes":""},"categories":[212,100,180],"tags":[493,722,443],"class_list":["post-19638","post","type-post","status-publish","format-standard","hentry","category-alemannisch","category-buch","category-hochschwarzwald","tag-lesung","tag-literatur","tag-termin"],"_links":{"self":[{"href":"https:\/\/www.freiburg-schwarzwald.de\/blog\/wp-json\/wp\/v2\/posts\/19638","targetHints":{"allow":["GET"]}}],"collection":[{"href":"https:\/\/www.freiburg-schwarzwald.de\/blog\/wp-json\/wp\/v2\/posts"}],"about":[{"href":"https:\/\/www.freiburg-schwarzwald.de\/blog\/wp-json\/wp\/v2\/types\/post"}],"author":[{"embeddable":true,"href":"https:\/\/www.freiburg-schwarzwald.de\/blog\/wp-json\/wp\/v2\/users\/4"}],"replies":[{"embeddable":true,"href":"https:\/\/www.freiburg-schwarzwald.de\/blog\/wp-json\/wp\/v2\/comments?post=19638"}],"version-history":[{"count":0,"href":"https:\/\/www.freiburg-schwarzwald.de\/blog\/wp-json\/wp\/v2\/posts\/19638\/revisions"}],"wp:attachment":[{"href":"https:\/\/www.freiburg-schwarzwald.de\/blog\/wp-json\/wp\/v2\/media?parent=19638"}],"wp:term":[{"taxonomy":"category","embeddable":true,"href":"https:\/\/www.freiburg-schwarzwald.de\/blog\/wp-json\/wp\/v2\/categories?post=19638"},{"taxonomy":"post_tag","embeddable":true,"href":"https:\/\/www.freiburg-schwarzwald.de\/blog\/wp-json\/wp\/v2\/tags?post=19638"}],"curies":[{"name":"wp","href":"https:\/\/api.w.org\/{rel}","templated":true}]}}