{"id":19447,"date":"2013-01-03T18:17:54","date_gmt":"2013-01-03T17:17:54","guid":{"rendered":"https:\/\/www.freiburg-schwarzwald.de\/blog\/?p=19447"},"modified":"2013-01-03T18:20:54","modified_gmt":"2013-01-03T17:20:54","slug":"18-buergervereine-60-jahre","status":"publish","type":"post","link":"https:\/\/www.freiburg-schwarzwald.de\/blog\/18-buergervereine-60-jahre\/","title":{"rendered":"18 Buergervereine 60 Jahre"},"content":{"rendered":"<p>Seit 60 Jahren pflegen die <a title=\"Buergervereine\" href=\"https:\/\/www.freiburg-schwarzwald.de\/blog\/engagement\/buergervereine\/\">B\u00fcrgervereine<\/a> das Freiburger Gemeinwohl \u2013 auch f\u00fcr 2013 stehen \u201ehei\u00dfe Eisen\u201c an. In fr\u00fcheren Jahren gab es einmal gro\u00dfe Plakate, die f\u00fcr die \u201eAktion Gemeinsinn\u201c warben \u2013 sie sind l\u00e4ngst\u00a0 verschwunden. Ganz anders verh\u00e4lt es sich bei den Akteuren f\u00fcr das <a title=\"Freiburg\" href=\"https:\/\/www.freiburg-schwarzwald.de\/blog\/regio\/freiburg\/\">Freiburger Gemeinwohl<\/a>. Seit Jahrzehnten gibt es <a title=\"Engagement\" href=\"https:\/\/www.freiburg-schwarzwald.de\/blog\/engagement\/\">engagierte<\/a> B\u00fcrgerinnen und B\u00fcrger, die sich couragiert einbringen und ihre Stimme erheben, wenn \u00f6ffentliche\u00a0 Belange in ihrer n\u00e4chsten Nachbarschaft zur Diskussion stehen&#8230;..<a title=\"Buergervereine\" href=\"https:\/\/www.freiburg-schwarzwald.de\/blog\/engagement\/buergervereine\/\"> mehr<\/a><\/p>\n","protected":false},"excerpt":{"rendered":"<p>Seit 60 Jahren pflegen die B\u00fcrgervereine das Freiburger Gemeinwohl \u2013 auch f\u00fcr 2013 stehen \u201ehei\u00dfe Eisen\u201c an. In fr\u00fcheren Jahren gab es einmal gro\u00dfe Plakate, die f\u00fcr die \u201eAktion Gemeinsinn\u201c warben \u2013 sie sind l\u00e4ngst\u00a0 verschwunden. Ganz anders verh\u00e4lt es &hellip; <a href=\"https:\/\/www.freiburg-schwarzwald.de\/blog\/18-buergervereine-60-jahre\/\">Weiterlesen <span class=\"meta-nav\">&rarr;<\/span><\/a><\/p>\n","protected":false},"author":4,"featured_media":0,"comment_status":"open","ping_status":"closed","sticky":false,"template":"","format":"standard","meta":{"footnotes":""},"categories":[54,49,6],"tags":[281],"class_list":["post-19447","post","type-post","status-publish","format-standard","hentry","category-ehrenamt","category-freiburg","category-vereine","tag-burgerinitiativen"],"_links":{"self":[{"href":"https:\/\/www.freiburg-schwarzwald.de\/blog\/wp-json\/wp\/v2\/posts\/19447","targetHints":{"allow":["GET"]}}],"collection":[{"href":"https:\/\/www.freiburg-schwarzwald.de\/blog\/wp-json\/wp\/v2\/posts"}],"about":[{"href":"https:\/\/www.freiburg-schwarzwald.de\/blog\/wp-json\/wp\/v2\/types\/post"}],"author":[{"embeddable":true,"href":"https:\/\/www.freiburg-schwarzwald.de\/blog\/wp-json\/wp\/v2\/users\/4"}],"replies":[{"embeddable":true,"href":"https:\/\/www.freiburg-schwarzwald.de\/blog\/wp-json\/wp\/v2\/comments?post=19447"}],"version-history":[{"count":0,"href":"https:\/\/www.freiburg-schwarzwald.de\/blog\/wp-json\/wp\/v2\/posts\/19447\/revisions"}],"wp:attachment":[{"href":"https:\/\/www.freiburg-schwarzwald.de\/blog\/wp-json\/wp\/v2\/media?parent=19447"}],"wp:term":[{"taxonomy":"category","embeddable":true,"href":"https:\/\/www.freiburg-schwarzwald.de\/blog\/wp-json\/wp\/v2\/categories?post=19447"},{"taxonomy":"post_tag","embeddable":true,"href":"https:\/\/www.freiburg-schwarzwald.de\/blog\/wp-json\/wp\/v2\/tags?post=19447"}],"curies":[{"name":"wp","href":"https:\/\/api.w.org\/{rel}","templated":true}]}}