{"id":19430,"date":"2013-01-03T17:50:15","date_gmt":"2013-01-03T16:50:15","guid":{"rendered":"https:\/\/www.freiburg-schwarzwald.de\/blog\/?p=19430"},"modified":"2013-08-15T14:27:25","modified_gmt":"2013-08-15T12:27:25","slug":"alkoholverbot-bermudadreieck","status":"publish","type":"post","link":"https:\/\/www.freiburg-schwarzwald.de\/blog\/alkoholverbot-bermudadreieck\/","title":{"rendered":"Alkoholverbot Bermudadreieck"},"content":{"rendered":"<p>Ministerpr\u00e4sident Winfried Kretschmann denkt sachorientiert und nicht nur einer Klientel verpflichtet. Gut so, denn dank ihm kommt jetzt wieder Bewegung in die Diskussion um das <a title=\"Alkohol\" href=\"https:\/\/www.freiburg-schwarzwald.de\/blog\/selbsthilfe\/sucht\/alkohol\/\">Alkoholverbot<\/a> auf <a title=\"Oeffentlicher-Raum\" href=\"https:\/\/www.freiburg-schwarzwald.de\/blog\/kultur\/oeffentlicher-raum\/\">\u00f6ffentlichen Pl\u00e4tzen<\/a>. Nicht zuletzt in Freiburg: Gerade im <a title=\"Gewalt\" href=\"https:\/\/www.freiburg-schwarzwald.de\/blog\/selbsthilfe\/krise\/gewalt\/\">Bermudadreieck<\/a> f\u00fchlen sich Viele von betrunkenen Gruppen bel\u00e4stigt, f\u00fcr die Polizei sind\u00a0 entsprechende Eins\u00e4tze an der Tagesordnung. Freiburgs OB ist daher<!--more--> &#8211; wie sein Ministerpr\u00e4sident, aber ansonsten kaum ein Gr\u00fcner &#8211; ein klarer Bef\u00fcrworter eines neuen Gesetzes. Die pers\u00f6nliche Freiheit des Einzelnen werde eingeschr\u00e4nkt, sagen Kritiker. Spa\u00df zu haben ist in Freiburg aber auch weiter erlaubt. Doch es muss klar sein, dass bestimmte Grenzen nicht \u00fcberschritten werden d\u00fcrfen. Eine klare Gesetzeslage hilft nicht nur den Ordnungsh\u00fctern,\u00a0 sondern k\u00f6nnte ein klares Signal an die betroffenen \u201eTrinker\u201c senden. Deshalb sollten jetzt Taten folgen &#8211; und ein Alkoholverbot.<br \/>\n3.1.2012, Nils Kickert, <a href=\"https:\/\/www.stadtkuier.de\">www.stadtkurier.de<br \/>\n<\/a>\u00a0\u00a0\u00a0\u00a0<br \/>\n<strong>Gemeindetag will h\u00f6heres Tempo beim Alkoholverbot<\/strong><br \/>\nInnenminister Gall will Kommunen erm\u00f6glichen, das Trinken von Alkohol auf \u00f6ffentlichen Pl\u00e4tzen zu verbieten. Das freut den Gemeindetag. Aber nicht nur dem Verband geht es mit dem Alkoholverbot zu langsam voran&#8230;..<br \/>\nAlles vom 15.8.2013 bitte lesen auf<br \/>\n<a href=\"https:\/\/www.badische-zeitung.de\/gemeindetag-will-hoeheres-tempo-beim-alkoholverbot\">https:\/\/www.badische-zeitung.de\/gemeindetag-will-hoeheres-tempo-beim-alkoholverbot<\/a><\/p>\n<p><strong>Durch Alkoholkonsum selbstbewusster<\/strong><br \/>\nEs ist sch\u00f6n, dass der Gro\u00dfteil der Jugendlichen mit Alkohol umgehen und sich auch diszipliniert verhalten kann.<br \/>\nDurch den Werteverfall, Illusionslosgkeit, geringe Bildung und schlechtes Elternhaus f\u00fchlen sich manche Jugendliche durch Alkoholkonsum selbstbewusster und barrierefrei. So wird gesoffen, gegr\u00f6hlt, Dinge im Sichtbereich demoliert um sich bei den Kameraden dadurch dicke zu machen. Auch die laissez faire &#8222;Erziehung&#8220;, oft aus Hilflosigkeit, oder Desintresse tr\u00e4gt massiv dazu bei. So bleibt den Kommunen nichts anderes \u00fcbrig als hier<br \/>\nregelnd vorzubeugen. Traurig, sehr traurig.<br \/>\n15.8.2013, J\u00fcrgen Arnemann<\/p>\n<p><strong>&#8222;Abschiebung&#8220; der Kids in die Kitas<\/strong><br \/>\nErziehung und Interesse am Nachwuchs sind ganz wichtige Elemente! Dazu geh\u00f6ren aber auch Respekt vor Mensch und Eigentum. Leider werden diese Umgangsregeln in Zukunft bestimmt nicht besser vermittelt, denn der Zwang, dass beide Elternteile verdienen m\u00fcssen und die daraus folgende &#8222;Abschiebung&#8220; der Kids in die Kitas ,Horte, Ganztagesbetreuung etc. wird dazu f\u00fchren, dass Eltern sich noch weniger um ihre Spr\u00f6sslinge sorgen werden. Das die Betreuer in den &#8222;Verwahrungsst\u00e4tten&#8220; die Kraft, Zeit und die Motivation haben die Grundwerte zu vermitteln darf bezweifelt werden. Das schaffen viele Eltern noch nicht mal im Elternhaus!<br \/>\n15.8.2013, Wolfgang Diringer<\/p>\n<p><strong>Erziehung<\/strong><br \/>\nEs mangelt tats\u00e4chlich an der Erziehung der Jugend zu Werten wie Respekt, R\u00fccksichtnahme, Verantwortung f\u00fcr sich und andere \u00fcbernehmen. Wenn Erzieher\/innen bei Kindern, die vom Elternhaus schon &#8222;vorgepr\u00e4gt&#8220; sind, versuchen, durch klare Regeln eine gewisse Disziplin herzustellen, stehen am n\u00e4chsten Tag die Eltern da und drohen mit Klage. Wenn meine Erzieherin meine Mutter erz\u00e4hlt hat, dass ich etwas angestellt habe, gabs zuhause gegebenenfalls nochmals eine hinter die L\u00f6ffel. So sollte es nat\u00fcrlich nicht sein, aber man sollte als Eltern den Ball aufnehmen und mit dem Kind nochmals dr\u00fcber sprechen und ihm erkl\u00e4ren, was falsch war. Stattdessen sind die meisten Eltern froh, wenn sie das Problem nicht haben mussten und schicken die Kinder am n\u00e4chsten Tag wieder in die Kita mit dem Anspruch an die Erzieher\/innen, sie sollen den Kindern gef\u00e4lligst eine ordentliche Erziehung geben, daf\u00fcr zahlt man schlie\u00dflich. Viele Eltern haben noch nicht kapiert, dass Erziehung insbesondere durch &#8222;vorleben und vormachen&#8220; funktioniert.<br \/>\n15.8.2013, Ralf Rosen<\/p>\n","protected":false},"excerpt":{"rendered":"<p>Ministerpr\u00e4sident Winfried Kretschmann denkt sachorientiert und nicht nur einer Klientel verpflichtet. Gut so, denn dank ihm kommt jetzt wieder Bewegung in die Diskussion um das Alkoholverbot auf \u00f6ffentlichen Pl\u00e4tzen. Nicht zuletzt in Freiburg: Gerade im Bermudadreieck f\u00fchlen sich Viele von &hellip; <a href=\"https:\/\/www.freiburg-schwarzwald.de\/blog\/alkoholverbot-bermudadreieck\/\">Weiterlesen <span class=\"meta-nav\">&rarr;<\/span><\/a><\/p>\n","protected":false},"author":4,"featured_media":0,"comment_status":"open","ping_status":"closed","sticky":false,"template":"","format":"standard","meta":{"footnotes":""},"categories":[189,49,60],"tags":[728,732],"class_list":["post-19430","post","type-post","status-publish","format-standard","hentry","category-alkohol","category-freiburg","category-jugend","tag-alkohol","tag-gewalt"],"_links":{"self":[{"href":"https:\/\/www.freiburg-schwarzwald.de\/blog\/wp-json\/wp\/v2\/posts\/19430","targetHints":{"allow":["GET"]}}],"collection":[{"href":"https:\/\/www.freiburg-schwarzwald.de\/blog\/wp-json\/wp\/v2\/posts"}],"about":[{"href":"https:\/\/www.freiburg-schwarzwald.de\/blog\/wp-json\/wp\/v2\/types\/post"}],"author":[{"embeddable":true,"href":"https:\/\/www.freiburg-schwarzwald.de\/blog\/wp-json\/wp\/v2\/users\/4"}],"replies":[{"embeddable":true,"href":"https:\/\/www.freiburg-schwarzwald.de\/blog\/wp-json\/wp\/v2\/comments?post=19430"}],"version-history":[{"count":0,"href":"https:\/\/www.freiburg-schwarzwald.de\/blog\/wp-json\/wp\/v2\/posts\/19430\/revisions"}],"wp:attachment":[{"href":"https:\/\/www.freiburg-schwarzwald.de\/blog\/wp-json\/wp\/v2\/media?parent=19430"}],"wp:term":[{"taxonomy":"category","embeddable":true,"href":"https:\/\/www.freiburg-schwarzwald.de\/blog\/wp-json\/wp\/v2\/categories?post=19430"},{"taxonomy":"post_tag","embeddable":true,"href":"https:\/\/www.freiburg-schwarzwald.de\/blog\/wp-json\/wp\/v2\/tags?post=19430"}],"curies":[{"name":"wp","href":"https:\/\/api.w.org\/{rel}","templated":true}]}}