{"id":19409,"date":"2013-01-03T11:28:23","date_gmt":"2013-01-03T10:28:23","guid":{"rendered":"https:\/\/www.freiburg-schwarzwald.de\/blog\/?p=19409"},"modified":"2013-01-03T11:35:45","modified_gmt":"2013-01-03T10:35:45","slug":"vogelzaehlen-mit-dem-nabu","status":"publish","type":"post","link":"https:\/\/www.freiburg-schwarzwald.de\/blog\/vogelzaehlen-mit-dem-nabu\/","title":{"rendered":"Vogelzaehlen mit dem Nabu"},"content":{"rendered":"<p>Von Freitag bis Sonntag ist wieder Vogelz\u00e4hlen angesagt: Dann findet n\u00e4mlich zum dritten Mal die Aktion &#8222;Stunde der Winterv\u00f6gel&#8220; statt, die der <a title=\"Nabu\" href=\"https:\/\/www.freiburg-schwarzwald.de\/blog\/vereine\/nabu\/\">Naturschutzbund Deutschland (Nabu)<\/a> seit 2011 im ganzen Land veranstaltet. Die dabei ermittelten Daten sollen beitragen, neue Erkenntnisse \u00fcber die Futterh\u00e4uschen-Besucher zu gewinnen. Im Stadtkreis Freiburg, wo vor einem Jahr 195<a title=\"Naturschutz\" href=\"https:\/\/www.freiburg-schwarzwald.de\/blog\/natur\/naturschutz\/\"> Naturfreunde<\/a>\u00a0insgesamt 4147<a title=\"Vogel\" href=\"https:\/\/www.freiburg-schwarzwald.de\/blog\/natur\/tiere\/vogel\/\"> V\u00f6gel<\/a>\u00a0gez\u00e4hlt hatten, stehen Amsel und Star diesmal besonders im Blickpunkt. <!--more-->An vielen Vogelh\u00e4uschen herrscht derzeit Flaute: Manche Arten wie Buchfinken und Rotkehlchen sind eher selten zu sehen. Daraus zwangsl\u00e4ufig zu schlie\u00dfen, dass deren Best\u00e4nde sich stark verringert h\u00e4tten, w\u00e4re jedoch voreilig. Vielmehr d\u00fcrfte vor allem die Witterung der vergangenen Wochen f\u00fcr den ausbleibenden Ansturm an den Futterpl\u00e4tzen verantwortlich sein: &#8222;Bei milden Temperaturen ziehen kaum V\u00f6gel aus dem Umland in die Stadt&#8220;, erl\u00e4utert der Vorsitzende des Nabu Freiburg, Dirk Niethammer.<\/p>\n<p>Um fundierte Aussagen dar\u00fcber treffen zu k\u00f6nnen, wie sich die Best\u00e4nde von Kohlmeise, Gr\u00fcnfink und Co. langfristig entwickeln, bedarf es regelm\u00e4\u00dfiger Z\u00e4hlaktionen. Daher veranstaltet der Nabu jedes Jahr am ersten Januarwochenende die &#8222;Stunde der Winterv\u00f6gel&#8220;. Aus den Vorjahresergebnissen kann zum Beispiel abgeleitet werden, dass die Zahl der Amseln r\u00fcckl\u00e4ufig ist. &#8222;In Freiburg allerdings wohl nicht so stark wie anderenorts&#8220;, erl\u00e4utert Niethammer. F\u00fcr diesen negativen Trend wird ein aus Afrika eingeschlepptes Virus verantwortlich gemacht, das der bekannten Drosselart seit zwei Jahren stark zusetzt \u2013 vor allem in Nordbaden. Wie es um die Freiburger Amseln aktuell bestellt ist, wei\u00df man hingegen nicht so genau: Zwar gibt es welche, es k\u00f6nnten aber durchaus weniger sein als noch vor einem Jahr. &#8222;Auf das Amselergebnis sind wir daher sehr gespannt&#8220;, betont Niethammer. Besondere Aufmerksamkeit gilt auch dem Star: Eigentlich ein Zugvogel scheint er \u2013 ebenso wie der Hausrotschwanz \u2013 infolge des Klimawandels immer reisefauler zu werden: Bei der letzten Z\u00e4hlrunde Anfang Januar 2012 wurden im Stadtkreis 18 Exemplare dieser Art gesichtet. &#8222;Auch diesen Winter gibt es bis jetzt interessanterweise Stare in der Stadt&#8220;, erl\u00e4utert Christine Gottschling vom Nabu-Bezirksverband S\u00fcdbaden. Die wissenschaftliche Verwertbarkeit solcher Beobachtungen h\u00e4ngt indes von ihrer Anzahl ab: Je mehr Daten, desto gr\u00f6\u00dfer ist die Aussagekraft. Beim Nabu hofft man daher auf eine hohe Teilnehmerzahl \u2013 und das nicht nur der Forschung wegen: &#8222;Das Z\u00e4hlen von V\u00f6geln macht auch Spa\u00df, au\u00dferdem lernt man dabei unsere heimische Arten kennen&#8220;, nennt Gottschling einen p\u00e4dagogischen Nebeneffekt der Mitmach-Aktion. Diese k\u00f6nne daher zu einem Erlebnis f\u00fcr die ganze Familie werden.<\/p>\n<p><!-- RSPEAK_STOP -->Bei der &#8222;Stunde der Winterv\u00f6gel&#8220; gilt es, irgendwann zwischen dem 4. und 6.\u2005Januar eine Stunde lang V\u00f6gel zu z\u00e4hlen, wobei Tag und Uhrzeit frei gew\u00e4hlt werden k\u00f6nnen. Teilnehmen kann jeder, der will. Der Ort sollte sich irgendwo innerhalb des Siedlungsraums (Stadt oder Dorf) befinden. Von jeder Art wird anschlie\u00dfend die gr\u00f6\u00dfte Zahl an Exemplaren notiert, die gleichzeitig zu sehen waren. Danach werden die Daten dem Nabu gemeldet. Z\u00e4hlb\u00f6gen mit Tipps zur Bestimmung sowie weitere Infos gibt es im Internet unter <a title=\"\" href=\"https:\/\/www.stundederwintervoegel.de\/\" target=\"_blank\">https:\/\/www.stundederwintervoegel.de<\/a> Die Z\u00e4hlhilfen sind au\u00dferdem kostenlos bei der Freiburger Nabu-Gesch\u00e4ftsstelle (M\u00fcnsterplatz 28, \u2005 0761\/2921711) erh\u00e4ltlich. Unter allen Teilnehmern werden Preise verlost.\u00a0<!-- RSPEAK_STOP -->\u00a0<br \/>\n3.1.2013, Andreas Braun<\/p>\n","protected":false},"excerpt":{"rendered":"<p>Von Freitag bis Sonntag ist wieder Vogelz\u00e4hlen angesagt: Dann findet n\u00e4mlich zum dritten Mal die Aktion &#8222;Stunde der Winterv\u00f6gel&#8220; statt, die der Naturschutzbund Deutschland (Nabu) seit 2011 im ganzen Land veranstaltet. Die dabei ermittelten Daten sollen beitragen, neue Erkenntnisse \u00fcber &hellip; <a href=\"https:\/\/www.freiburg-schwarzwald.de\/blog\/vogelzaehlen-mit-dem-nabu\/\">Weiterlesen <span class=\"meta-nav\">&rarr;<\/span><\/a><\/p>\n","protected":false},"author":4,"featured_media":0,"comment_status":"open","ping_status":"closed","sticky":false,"template":"","format":"standard","meta":{"footnotes":""},"categories":[400,140,68,220],"tags":[466],"class_list":["post-19409","post","type-post","status-publish","format-standard","hentry","category-freiwillig","category-garten","category-umwelt","category-vogel","tag-tierschutz"],"_links":{"self":[{"href":"https:\/\/www.freiburg-schwarzwald.de\/blog\/wp-json\/wp\/v2\/posts\/19409","targetHints":{"allow":["GET"]}}],"collection":[{"href":"https:\/\/www.freiburg-schwarzwald.de\/blog\/wp-json\/wp\/v2\/posts"}],"about":[{"href":"https:\/\/www.freiburg-schwarzwald.de\/blog\/wp-json\/wp\/v2\/types\/post"}],"author":[{"embeddable":true,"href":"https:\/\/www.freiburg-schwarzwald.de\/blog\/wp-json\/wp\/v2\/users\/4"}],"replies":[{"embeddable":true,"href":"https:\/\/www.freiburg-schwarzwald.de\/blog\/wp-json\/wp\/v2\/comments?post=19409"}],"version-history":[{"count":0,"href":"https:\/\/www.freiburg-schwarzwald.de\/blog\/wp-json\/wp\/v2\/posts\/19409\/revisions"}],"wp:attachment":[{"href":"https:\/\/www.freiburg-schwarzwald.de\/blog\/wp-json\/wp\/v2\/media?parent=19409"}],"wp:term":[{"taxonomy":"category","embeddable":true,"href":"https:\/\/www.freiburg-schwarzwald.de\/blog\/wp-json\/wp\/v2\/categories?post=19409"},{"taxonomy":"post_tag","embeddable":true,"href":"https:\/\/www.freiburg-schwarzwald.de\/blog\/wp-json\/wp\/v2\/tags?post=19409"}],"curies":[{"name":"wp","href":"https:\/\/api.w.org\/{rel}","templated":true}]}}