{"id":19407,"date":"2013-01-03T11:22:06","date_gmt":"2013-01-03T10:22:06","guid":{"rendered":"https:\/\/www.freiburg-schwarzwald.de\/blog\/?p=19407"},"modified":"2013-01-03T11:22:06","modified_gmt":"2013-01-03T10:22:06","slug":"nil-langzeitarbeitslose","status":"publish","type":"post","link":"https:\/\/www.freiburg-schwarzwald.de\/blog\/nil-langzeitarbeitslose\/","title":{"rendered":"NIL &#8211; Langzeitarbeitslose"},"content":{"rendered":"<p><!-- RSPEAK_STOP -->Extrem schlechte Chancen auf dem Arbeitsmarkt haben nach wie vor <a title=\"Arbeit\" href=\"https:\/\/www.freiburg-schwarzwald.de\/blog\/selbsthilfe\/soziales\/arbeit\/\">Langzeitarbeitslose<\/a>. Sie profitieren nicht vom Aufschwung. Ab dem 1. Januar 2013 bietet die <a title=\"Caritas\" href=\"https:\/\/www.freiburg-schwarzwald.de\/blog\/religion\/kirchen\/caritas\/\">Caritas<\/a> in Baden-W\u00fcrttemberg daher an zw\u00f6lf Standorten \u2013 darunter auch in Freiburg \u2013 ein ma\u00dfgeschneidertes Programm an, um langzeitarbeitslose Menschen dauerhaft in Arbeit zu bringen. Unter dem Stichwort NIL (nachhaltige Integration langzeitarbeitsloser Menschen) <!--more-->werden die Teilnehmer nicht nur f\u00fcr eine Arbeitsstelle qualifiziert und dorthin vermittelt; am neuen Arbeitsplatz begleiten Sozialarbeiter die Teilnehmer weiterhin. Auch Arbeitgeber erhalten Beratung, damit sie Probleme m\u00f6glichst fr\u00fch erkennen und einem Abbruch der Besch\u00e4ftigung entgegenwirken k\u00f6nnen. Mit 1,1 Millionen Euro wird das NIL-Projekt aus dem Topf des Europ\u00e4ischen Sozialfonds (ESF) gef\u00f6rdert. Das Bundesministerium f\u00fcr Arbeit und Sozialordnung hat dieses Projekt unter vielen als f\u00f6rderungsw\u00fcrdig ausgew\u00e4hlt. F\u00fcr die Caritasdirektoren Pr\u00e4lat Wolfgang Tripp (Stuttgart) und Monsignore Bernhard Appel (Freiburg) stellt NIL eine gro\u00dfe Chance dar: &#8222;Da die Bundesregierung die Angebote f\u00fcr langzeitarbeitslose Menschen drastisch gek\u00fcrzt hat, mangelt es an geeigneten Qualifizierungsma\u00dfnahmen. Die hier vorliegende F\u00f6rderung \u00fcbertrifft in ihrer Konzeption auch die bisher bekannten Angebote, da sie das pers\u00f6nliche, famili\u00e4re wie das berufliche Umfeld in den Blick nimmt.&#8220; Die Laufzeit des NIL-Projekts ist auf zwei Jahre angelegt. Es richtet sich beispielsweise an langzeitarbeitslose Frauen, die wegen der Erziehung der Kinder oder der Pflege von Angeh\u00f6rigen nicht gearbeitet haben. Genauso sind \u00e4ltere Langzeitarbeitslose angesprochen. Da Langzeitarbeitslosigkeit \u00fcberproportional oft Personen mit Migrationshintergrund betrifft, sollen sie besonders ber\u00fccksichtigt werden.<br \/>\n3.1.2012, <a title=\"Caritas\" href=\"https:\/\/www.freiburg-schwarzwald.de\/blog\/religion\/kirchen\/caritas\/\">Caritas Freiburg<\/a><!-- RSPEAK_STOP --><\/p>\n","protected":false},"excerpt":{"rendered":"<p>Extrem schlechte Chancen auf dem Arbeitsmarkt haben nach wie vor Langzeitarbeitslose. Sie profitieren nicht vom Aufschwung. Ab dem 1. Januar 2013 bietet die Caritas in Baden-W\u00fcrttemberg daher an zw\u00f6lf Standorten \u2013 darunter auch in Freiburg \u2013 ein ma\u00dfgeschneidertes Programm an, &hellip; <a href=\"https:\/\/www.freiburg-schwarzwald.de\/blog\/nil-langzeitarbeitslose\/\">Weiterlesen <span class=\"meta-nav\">&rarr;<\/span><\/a><\/p>\n","protected":false},"author":4,"featured_media":0,"comment_status":"open","ping_status":"closed","sticky":false,"template":"","format":"standard","meta":{"footnotes":""},"categories":[79,36],"tags":[382],"class_list":["post-19407","post","type-post","status-publish","format-standard","hentry","category-arbeit","category-engagement","tag-arbeit-working"],"_links":{"self":[{"href":"https:\/\/www.freiburg-schwarzwald.de\/blog\/wp-json\/wp\/v2\/posts\/19407","targetHints":{"allow":["GET"]}}],"collection":[{"href":"https:\/\/www.freiburg-schwarzwald.de\/blog\/wp-json\/wp\/v2\/posts"}],"about":[{"href":"https:\/\/www.freiburg-schwarzwald.de\/blog\/wp-json\/wp\/v2\/types\/post"}],"author":[{"embeddable":true,"href":"https:\/\/www.freiburg-schwarzwald.de\/blog\/wp-json\/wp\/v2\/users\/4"}],"replies":[{"embeddable":true,"href":"https:\/\/www.freiburg-schwarzwald.de\/blog\/wp-json\/wp\/v2\/comments?post=19407"}],"version-history":[{"count":0,"href":"https:\/\/www.freiburg-schwarzwald.de\/blog\/wp-json\/wp\/v2\/posts\/19407\/revisions"}],"wp:attachment":[{"href":"https:\/\/www.freiburg-schwarzwald.de\/blog\/wp-json\/wp\/v2\/media?parent=19407"}],"wp:term":[{"taxonomy":"category","embeddable":true,"href":"https:\/\/www.freiburg-schwarzwald.de\/blog\/wp-json\/wp\/v2\/categories?post=19407"},{"taxonomy":"post_tag","embeddable":true,"href":"https:\/\/www.freiburg-schwarzwald.de\/blog\/wp-json\/wp\/v2\/tags?post=19407"}],"curies":[{"name":"wp","href":"https:\/\/api.w.org\/{rel}","templated":true}]}}