{"id":19339,"date":"2013-01-02T16:12:58","date_gmt":"2013-01-02T15:12:58","guid":{"rendered":"https:\/\/www.freiburg-schwarzwald.de\/blog\/?p=19339"},"modified":"2013-01-02T16:12:58","modified_gmt":"2013-01-02T15:12:58","slug":"windkraftrekord-schwarzwald","status":"publish","type":"post","link":"https:\/\/www.freiburg-schwarzwald.de\/blog\/windkraftrekord-schwarzwald\/","title":{"rendered":"Windkraftrekord Schwarzwald"},"content":{"rendered":"<p>Mit \u00fcber 5 Millionen Kilowattstunden in 2012 hat die neue Windenergieanlage in <a title=\"Orte\" href=\"https:\/\/www.freiburg-schwarzwald.de\/blog\/regio\/orte\/\">Freiamt<\/a>, Kreis Emmendingen, Baden-W\u00fcttemberg, einen neuen Rekord f\u00fcr den Schwarzwald aufgestellt. Die im Sommer 2011 errichtete Anlage des Marktf\u00fchrers ENERCON war die erste <a title=\"Wind\" href=\"https:\/\/www.freiburg-schwarzwald.de\/blog\/energie\/wind\/\">Gro\u00dfwindanlage<\/a> in Baden-W\u00fcrttemberg mit fast 140 m Nabenh\u00f6he, 180 m Gesamth\u00f6he und 2,3 Megawatt Leistung. Projektiert und gebaut wurde die Anlage von der \u00d6kostromgruppe Freiburg, einem der branchenf\u00fchrenden Unternehmen in S\u00fcdwestdeutschland. <!--more-->\u00d6kostromgesch\u00e4ftsf\u00fchrer Andreas Markowsky: \u201eDas Produktionsergebnis liegt sp\u00fcrbar \u00fcber den Erwartungen und zeigt, dass mit gro\u00dfen Nabenh\u00f6hen im Schwarzwald viel sauberer Strom erzeugt werden kann und dabei auch noch deutlich wirtschaftlicher als von Offshore-Anlagen\u201c. Die Bioenergiegemeinde Freiamt, die vor dem Hintergrund der guten Erfahrungen der letzten 10 Jahre den Bau ihrer f\u00fcnften Windturbine in B\u00fcrgerhand aktiv unterst\u00fctzt hat, profitiert von den hohen Ertr\u00e4gen und erh\u00e4lt bereits f\u00fcr das erste Betriebsjahr Gewerbesteuer in f\u00fcnfstelliger H\u00f6he. Die Zielsetzung des Landkreises Emmendingen, die Stromversorgung vollst\u00e4ndig auf Erneuerbare Energien umzustellen, wird durch die neue Windenergieanlage wirksam unterst\u00fctzt. Der Windstromanteil stieg durch sie um \u00fcber 20 %.\u00a0<br \/>\n2.1.2013\u00a0, <a href=\"mailto:info@oekostrom-freiburg.de\">info@oekostrom-freiburg.de<\/a><\/p>\n","protected":false},"excerpt":{"rendered":"<p>Mit \u00fcber 5 Millionen Kilowattstunden in 2012 hat die neue Windenergieanlage in Freiamt, Kreis Emmendingen, Baden-W\u00fcttemberg, einen neuen Rekord f\u00fcr den Schwarzwald aufgestellt. Die im Sommer 2011 errichtete Anlage des Marktf\u00fchrers ENERCON war die erste Gro\u00dfwindanlage in Baden-W\u00fcrttemberg mit fast &hellip; <a href=\"https:\/\/www.freiburg-schwarzwald.de\/blog\/windkraftrekord-schwarzwald\/\">Weiterlesen <span class=\"meta-nav\">&rarr;<\/span><\/a><\/p>\n","protected":false},"author":4,"featured_media":0,"comment_status":"open","ping_status":"closed","sticky":false,"template":"","format":"standard","meta":{"footnotes":""},"categories":[180,395],"tags":[151,305],"class_list":["post-19339","post","type-post","status-publish","format-standard","hentry","category-hochschwarzwald","category-wind","tag-erneuerbare-energien","tag-windkraft"],"_links":{"self":[{"href":"https:\/\/www.freiburg-schwarzwald.de\/blog\/wp-json\/wp\/v2\/posts\/19339","targetHints":{"allow":["GET"]}}],"collection":[{"href":"https:\/\/www.freiburg-schwarzwald.de\/blog\/wp-json\/wp\/v2\/posts"}],"about":[{"href":"https:\/\/www.freiburg-schwarzwald.de\/blog\/wp-json\/wp\/v2\/types\/post"}],"author":[{"embeddable":true,"href":"https:\/\/www.freiburg-schwarzwald.de\/blog\/wp-json\/wp\/v2\/users\/4"}],"replies":[{"embeddable":true,"href":"https:\/\/www.freiburg-schwarzwald.de\/blog\/wp-json\/wp\/v2\/comments?post=19339"}],"version-history":[{"count":0,"href":"https:\/\/www.freiburg-schwarzwald.de\/blog\/wp-json\/wp\/v2\/posts\/19339\/revisions"}],"wp:attachment":[{"href":"https:\/\/www.freiburg-schwarzwald.de\/blog\/wp-json\/wp\/v2\/media?parent=19339"}],"wp:term":[{"taxonomy":"category","embeddable":true,"href":"https:\/\/www.freiburg-schwarzwald.de\/blog\/wp-json\/wp\/v2\/categories?post=19339"},{"taxonomy":"post_tag","embeddable":true,"href":"https:\/\/www.freiburg-schwarzwald.de\/blog\/wp-json\/wp\/v2\/tags?post=19339"}],"curies":[{"name":"wp","href":"https:\/\/api.w.org\/{rel}","templated":true}]}}