{"id":19017,"date":"2012-12-30T09:18:25","date_gmt":"2012-12-30T08:18:25","guid":{"rendered":"https:\/\/www.freiburg-schwarzwald.de\/blog\/?p=19017"},"modified":"2012-12-30T09:49:52","modified_gmt":"2012-12-30T08:49:52","slug":"buergerumfrage-2012-freiburg","status":"publish","type":"post","link":"https:\/\/www.freiburg-schwarzwald.de\/blog\/buergerumfrage-2012-freiburg\/","title":{"rendered":"Buergerumfrage 2012 Freiburg"},"content":{"rendered":"<p>Die B\u00fcrgerumfrage flie\u00dft in den am 13.1.2013 startenden <a title=\"Beteiligungshaushalt\" href=\"https:\/\/www.freiburg-schwarzwald.de\/blog\/regio\/freiburg\/19006-2\/\">Beteiligungshaushalt<\/a> ein. Grundtenor\u00a0&#8211; alles belassen: Es stimmten 8020 f\u00fcr &#8222;einsparen&#8220; , 40000 f\u00fcr &#8222;unver\u00e4ndert&#8220;, 18891 f\u00fcr &#8222;mehr ausgeben&#8220; und 16385 f\u00fcr &#8222;ich wei\u00df nicht&#8220;.\u00a0 Fazit bei der Verteil\u00fang &#8211;\u00a0mehr f\u00fcr <a title=\"Bildung\" href=\"https:\/\/www.freiburg-schwarzwald.de\/blog\/bildung\/\">Bildung\/Kinder<\/a>, weniger f\u00fcr die Kultur: Platz 1 bei &#8222;mehr ausgeben&#8220; 1262 f\u00fcr Wohnungsbau, gefolgt von Schulbau, Kita-Ausbau und Schulbetreuung. Platz 1 bei &#8222;einsparen&#8220; 717 f\u00fcr Theater, 656 f\u00fcr Museen und 603 f\u00fcr <a title=\"Friedhoefe\" href=\"https:\/\/www.freiburg-schwarzwald.de\/blog\/kultur\/friedhoefe\/\">Friedh\u00f6fe<\/a>. Fazit bei Altersgruppen: Sicherheit bei Senioren, Kinder bei mittl. Generation und <a title=\"Umwelt\" href=\"https:\/\/www.freiburg-schwarzwald.de\/blog\/natur\/umwelt\/\">Umweltschutz<\/a> bei den J\u00fcngsten.<!--more--><\/p>\n<p>Zur\u00a0B\u00fcrgerumfrage wurden zwischen Juli und September 2012 ca 6000 Haushalte angeschrieben. Die Befragung ist ein Element des am 13.1.2013 wieder\u00a0neu beginnenden Beteiligungshaushalts und soll dem Gemeinderat eine Entscheidungshilfe liefern. Die Ergebnisse der B\u00fcrgerumfrage 2012 sind in der Reihe \u201eBeitr\u00e4ge zur Statistik\u201c des <a title=\"stadtfreiburg\" href=\"https:\/\/www.freiburg-schwarzwald.de\/blog\/regio\/freiburg\/stadtfreiburg\/\">Amts f\u00fcr B\u00fcrgerservice und Informationsverarbeitung<\/a> erschienen. Das 116-seitige Heft ist ab sofort f\u00fcr 10 Euro (ohne Versandkosten) beim ABI, Fahnenbergplatz 4, erh\u00e4ltlich. Bestellung auch per Fax unter 201-5598 oder per E-Mail an <a href=\"mailto:statistik@stadt.freiburg.de\">statistik@stadt.freiburg.de<\/a>. Au\u00dferdem steht die Publikation kostenlos auf <a href=\"https:\/\/www.freiburg.de\/beteiligungshaushalt\">www.freiburg.de\/beteiligungshaushalt<\/a> oben rechts zum Download bereit.<br \/>\n30.12.2012<\/p>\n","protected":false},"excerpt":{"rendered":"<p>Die B\u00fcrgerumfrage flie\u00dft in den am 13.1.2013 startenden Beteiligungshaushalt ein. Grundtenor\u00a0&#8211; alles belassen: Es stimmten 8020 f\u00fcr &#8222;einsparen&#8220; , 40000 f\u00fcr &#8222;unver\u00e4ndert&#8220;, 18891 f\u00fcr &#8222;mehr ausgeben&#8220; und 16385 f\u00fcr &#8222;ich wei\u00df nicht&#8220;.\u00a0 Fazit bei der Verteil\u00fang &#8211;\u00a0mehr f\u00fcr Bildung\/Kinder, weniger &hellip; <a href=\"https:\/\/www.freiburg-schwarzwald.de\/blog\/buergerumfrage-2012-freiburg\/\">Weiterlesen <span class=\"meta-nav\">&rarr;<\/span><\/a><\/p>\n","protected":false},"author":4,"featured_media":0,"comment_status":"open","ping_status":"closed","sticky":false,"template":"","format":"standard","meta":{"footnotes":""},"categories":[181,49],"tags":[281],"class_list":["post-19017","post","type-post","status-publish","format-standard","hentry","category-buergerbeteiligung","category-freiburg","tag-burgerinitiativen"],"_links":{"self":[{"href":"https:\/\/www.freiburg-schwarzwald.de\/blog\/wp-json\/wp\/v2\/posts\/19017","targetHints":{"allow":["GET"]}}],"collection":[{"href":"https:\/\/www.freiburg-schwarzwald.de\/blog\/wp-json\/wp\/v2\/posts"}],"about":[{"href":"https:\/\/www.freiburg-schwarzwald.de\/blog\/wp-json\/wp\/v2\/types\/post"}],"author":[{"embeddable":true,"href":"https:\/\/www.freiburg-schwarzwald.de\/blog\/wp-json\/wp\/v2\/users\/4"}],"replies":[{"embeddable":true,"href":"https:\/\/www.freiburg-schwarzwald.de\/blog\/wp-json\/wp\/v2\/comments?post=19017"}],"version-history":[{"count":0,"href":"https:\/\/www.freiburg-schwarzwald.de\/blog\/wp-json\/wp\/v2\/posts\/19017\/revisions"}],"wp:attachment":[{"href":"https:\/\/www.freiburg-schwarzwald.de\/blog\/wp-json\/wp\/v2\/media?parent=19017"}],"wp:term":[{"taxonomy":"category","embeddable":true,"href":"https:\/\/www.freiburg-schwarzwald.de\/blog\/wp-json\/wp\/v2\/categories?post=19017"},{"taxonomy":"post_tag","embeddable":true,"href":"https:\/\/www.freiburg-schwarzwald.de\/blog\/wp-json\/wp\/v2\/tags?post=19017"}],"curies":[{"name":"wp","href":"https:\/\/api.w.org\/{rel}","templated":true}]}}